{"id":1023,"date":"2020-06-29T18:54:56","date_gmt":"2020-06-29T17:54:56","guid":{"rendered":"https:\/\/www.socialdemocrats.ie\/social-democrats-mary-callaghan-elected-deputy-lord-mayor-of-dublin\/"},"modified":"2020-06-29T18:54:56","modified_gmt":"2020-06-29T17:54:56","slug":"social-democrats-mary-callaghan-elected-deputy-lord-mayor-of-dublin","status":"publish","type":"post","link":"https:\/\/www.socialdemocrats.ie\/ga\/social-democrats-mary-callaghan-elected-deputy-lord-mayor-of-dublin\/","title":{"rendered":"Social Democrats&#8217; Mary Callaghan elected Deputy Lord Mayor of Dublin"},"content":{"rendered":"<p><span style=\"color: #000000; font-family: Calibri; font-size: medium;\">The Social Democrats have tonight welcomed the election of their Councillor, Mary Callaghan, to the role of Deputy Lord Mayor. Callaghan, a Finglas native herself, ran for the first time in the 2019 Local Elections and was elected to represent the Ballymun\/Finglas Ward. A former computer programmer, Mary has worked both in Ireland and abroad and currently sits on a number of Boards for Community and Education projects in Dublin.\u00a0\u00a0This evening she thanked her party for the nomination, the Councillors who supported her and said she was looking forward to working with the newly elected Mayor Hazel Chu.<\/span><\/p>\n<p><span style=\"color: #000000; font-family: Calibri; font-size: medium;\">\u00a0<\/span><span style=\"color: #000000; font-family: Calibri; font-size: medium;\">Speaking following her election, Cllr Mary Callaghan said:<\/span><\/p>\n<p><span style=\"color: #000000; font-family: Calibri; font-size: medium;\">\u201cI want to extend my condolences to all those directly impacted by the Covid-19 crisis and especially those who have lost loved ones during the Covid crisis. I thank all our frontline workers and the people of Dublin City who have adhered to the health advise and guidelines in order to get us to a point where we are in a position to begin reopening our city.<\/span><\/p>\n<p><span style=\"font-family: Calibri;\"><span style=\"font-size: medium;\"><span style=\"color: #000000;\">\u201cAs we emerge from Covid and attempt to reopen our city we must learn from the positive ways we found for services to work together to improve things in our city. We have been given an opportunity to embrace new ways of working and new ways of living that are cleaner, fairer and more sustainable.\u00a0\u00a0While we often have different approaches to things, I believe that every Councillor in DCC is motivated to improve the lives of the people living in Dublin City.\u00a0\u00a0<\/span><\/span><\/span><\/p>\n<p><span style=\"color: #000000; font-family: Calibri; font-size: medium;\">&#8220;We live in a beautiful city, full of culture, talent and vibrancy. Our job now in the Council is to create and maintain an environment where that culture and vibrancy can thrive, where we care for our vulnerable residents and we provide good quality accessible services to all.\u00a0\u00a0I look forward to working with Lord Mayor Chu and all other Councillors to make this a reality.\u201d<\/span><\/p>\n<p><span style=\"color: #000000; font-family: Calibri; font-size: medium;\">Party co-leader R\u00f3is\u00edn Shortall TD in whose D\u00e1il constituency Callaghan was elected, said:<\/span><\/p>\n<p><span style=\"color: #000000; font-family: Calibri; font-size: medium;\">\u201cI have worked closely with Mary for a number of years now and have seen first-hand how committed she is to representing the people who elected her in Ballymun and Finglas. Her dedication to improving the quality of life for those living in our city is obvious to everyone who engages with her. She is passionate about improving Dublin in a fair and sustainable way to ensure that everyone in the city has access to the kind of quality public services that a modern capital city requires.\u00a0\u00a0For the Social Democrats it is exciting to have someone in the role of Deputy Lord Mayor who can bring this passion for protecting the vulnerable and combine it with a vision for a vibrant and thriving modern Dublin City.\u201d<\/span><\/p>\n<p>29th June 2020<br \/>\n[ENDS]<\/p>\n","protected":false},"excerpt":{"rendered":"<p>The Social Democrats have tonight welcomed the election of their Councillor, Mary Callaghan, to the role of Deputy Lord Mayor. Callaghan, a Finglas native herself, ran for the first time in the 2019 Local Elections and was elected to represent the Ballymun\/Finglas Ward. A former computer programmer, Mary has worked both in Ireland and abroad [&hellip;]<\/p>\n","protected":false},"author":2,"featured_media":1024,"comment_status":"open","ping_status":"open","sticky":false,"template":"","format":"standard","meta":{"_acf_changed":false,"footnotes":""},"categories":[7],"tags":[],"class_list":["post-1023","post","type-post","status-publish","format-standard","has-post-thumbnail","hentry","category-press-release"],"acf":[],"yoast_head":"<!-- This site is optimized with the Yoast SEO plugin v27.3 - https:\/\/yoast.com\/product\/yoast-seo-wordpress\/ -->\n<title>Social Democrats&#039; Mary Callaghan elected Deputy Lord Mayor of Dublin - Social Democrats<\/title>\n<meta name=\"robots\" content=\"index, follow, max-snippet:-1, max-image-preview:large, max-video-preview:-1\" \/>\n<link rel=\"canonical\" href=\"https:\/\/www.socialdemocrats.ie\/social-democrats-mary-callaghan-elected-deputy-lord-mayor-of-dublin\/\" \/>\n<meta property=\"og:locale\" content=\"ga_IE\" \/>\n<meta property=\"og:type\" content=\"article\" \/>\n<meta property=\"og:title\" content=\"Social Democrats&#039; Mary Callaghan elected Deputy Lord Mayor of Dublin - Social Democrats\" \/>\n<meta property=\"og:description\" content=\"The Social Democrats have tonight welcomed the election of their Councillor, Mary Callaghan, to the role of Deputy Lord Mayor. Callaghan, a Finglas native herself, ran for the first time in the 2019 Local Elections and was elected to represent the Ballymun\/Finglas Ward. A former computer programmer, Mary has worked both in Ireland and abroad [&hellip;]\" \/>\n<meta property=\"og:url\" content=\"https:\/\/www.socialdemocrats.ie\/social-democrats-mary-callaghan-elected-deputy-lord-mayor-of-dublin\/\" \/>\n<meta property=\"og:site_name\" content=\"Social Democrats\" \/>\n<meta property=\"article:publisher\" content=\"https:\/\/www.facebook.com\/socialdemocratsireland\" \/>\n<meta property=\"article:published_time\" content=\"2020-06-29T17:54:56+00:00\" \/>\n<meta property=\"og:image\" content=\"https:\/\/www.socialdemocrats.ie\/wp-content\/uploads\/2023\/09\/Mary-Callaghan-SocDem-Website.jpg\" \/>\n\t<meta property=\"og:image:width\" content=\"1788\" \/>\n\t<meta property=\"og:image:height\" content=\"2048\" \/>\n\t<meta property=\"og:image:type\" content=\"image\/jpeg\" \/>\n<meta name=\"author\" content=\"ZOO Admin\" \/>\n<meta name=\"twitter:card\" content=\"summary_large_image\" \/>\n<meta name=\"twitter:creator\" content=\"@SocDems\" \/>\n<meta name=\"twitter:site\" content=\"@SocDems\" \/>\n<meta name=\"twitter:label1\" content=\"Written by\" \/>\n\t<meta name=\"twitter:data1\" content=\"ZOO Admin\" \/>\n\t<meta name=\"twitter:label2\" content=\"Est. reading time\" \/>\n\t<meta name=\"twitter:data2\" content=\"2 minutes\" \/>\n<script type=\"application\/ld+json\" class=\"yoast-schema-graph\">{\"@context\":\"https:\\\/\\\/schema.org\",\"@graph\":[{\"@type\":\"Article\",\"@id\":\"https:\\\/\\\/www.socialdemocrats.ie\\\/social-democrats-mary-callaghan-elected-deputy-lord-mayor-of-dublin\\\/#article\",\"isPartOf\":{\"@id\":\"https:\\\/\\\/www.socialdemocrats.ie\\\/social-democrats-mary-callaghan-elected-deputy-lord-mayor-of-dublin\\\/\"},\"author\":{\"name\":\"ZOO Admin\",\"@id\":\"https:\\\/\\\/www.socialdemocrats.ie\\\/#\\\/schema\\\/person\\\/4aa25e1b0ecfe5e51a2ceab9a9006960\"},\"headline\":\"Social Democrats&#8217; Mary Callaghan elected Deputy Lord Mayor of Dublin\",\"datePublished\":\"2020-06-29T17:54:56+00:00\",\"mainEntityOfPage\":{\"@id\":\"https:\\\/\\\/www.socialdemocrats.ie\\\/social-democrats-mary-callaghan-elected-deputy-lord-mayor-of-dublin\\\/\"},\"wordCount\":479,\"commentCount\":0,\"publisher\":{\"@id\":\"https:\\\/\\\/www.socialdemocrats.ie\\\/#organization\"},\"image\":{\"@id\":\"https:\\\/\\\/www.socialdemocrats.ie\\\/social-democrats-mary-callaghan-elected-deputy-lord-mayor-of-dublin\\\/#primaryimage\"},\"thumbnailUrl\":\"https:\\\/\\\/www.socialdemocrats.ie\\\/wp-content\\\/uploads\\\/2023\\\/09\\\/Mary-Callaghan-SocDem-Website.jpg\",\"articleSection\":[\"Press Release\"],\"inLanguage\":\"ga-IE\"},{\"@type\":\"WebPage\",\"@id\":\"https:\\\/\\\/www.socialdemocrats.ie\\\/social-democrats-mary-callaghan-elected-deputy-lord-mayor-of-dublin\\\/\",\"url\":\"https:\\\/\\\/www.socialdemocrats.ie\\\/social-democrats-mary-callaghan-elected-deputy-lord-mayor-of-dublin\\\/\",\"name\":\"Social Democrats' Mary Callaghan elected Deputy Lord Mayor of Dublin - Social Democrats\",\"isPartOf\":{\"@id\":\"https:\\\/\\\/www.socialdemocrats.ie\\\/#website\"},\"primaryImageOfPage\":{\"@id\":\"https:\\\/\\\/www.socialdemocrats.ie\\\/social-democrats-mary-callaghan-elected-deputy-lord-mayor-of-dublin\\\/#primaryimage\"},\"image\":{\"@id\":\"https:\\\/\\\/www.socialdemocrats.ie\\\/social-democrats-mary-callaghan-elected-deputy-lord-mayor-of-dublin\\\/#primaryimage\"},\"thumbnailUrl\":\"https:\\\/\\\/www.socialdemocrats.ie\\\/wp-content\\\/uploads\\\/2023\\\/09\\\/Mary-Callaghan-SocDem-Website.jpg\",\"datePublished\":\"2020-06-29T17:54:56+00:00\",\"breadcrumb\":{\"@id\":\"https:\\\/\\\/www.socialdemocrats.ie\\\/social-democrats-mary-callaghan-elected-deputy-lord-mayor-of-dublin\\\/#breadcrumb\"},\"inLanguage\":\"ga-IE\",\"potentialAction\":[{\"@type\":\"ReadAction\",\"target\":[\"https:\\\/\\\/www.socialdemocrats.ie\\\/social-democrats-mary-callaghan-elected-deputy-lord-mayor-of-dublin\\\/\"]}]},{\"@type\":\"ImageObject\",\"inLanguage\":\"ga-IE\",\"@id\":\"https:\\\/\\\/www.socialdemocrats.ie\\\/social-democrats-mary-callaghan-elected-deputy-lord-mayor-of-dublin\\\/#primaryimage\",\"url\":\"https:\\\/\\\/www.socialdemocrats.ie\\\/wp-content\\\/uploads\\\/2023\\\/09\\\/Mary-Callaghan-SocDem-Website.jpg\",\"contentUrl\":\"https:\\\/\\\/www.socialdemocrats.ie\\\/wp-content\\\/uploads\\\/2023\\\/09\\\/Mary-Callaghan-SocDem-Website.jpg\",\"width\":1788,\"height\":2048},{\"@type\":\"BreadcrumbList\",\"@id\":\"https:\\\/\\\/www.socialdemocrats.ie\\\/social-democrats-mary-callaghan-elected-deputy-lord-mayor-of-dublin\\\/#breadcrumb\",\"itemListElement\":[{\"@type\":\"ListItem\",\"position\":1,\"name\":\"Home\",\"item\":\"https:\\\/\\\/www.socialdemocrats.ie\\\/\"},{\"@type\":\"ListItem\",\"position\":2,\"name\":\"Social Democrats&#8217; Mary Callaghan elected Deputy Lord Mayor of Dublin\"}]},{\"@type\":\"WebSite\",\"@id\":\"https:\\\/\\\/www.socialdemocrats.ie\\\/#website\",\"url\":\"https:\\\/\\\/www.socialdemocrats.ie\\\/\",\"name\":\"Social Democrats\",\"description\":\"Change Ireland for the better\",\"publisher\":{\"@id\":\"https:\\\/\\\/www.socialdemocrats.ie\\\/#organization\"},\"potentialAction\":[{\"@type\":\"SearchAction\",\"target\":{\"@type\":\"EntryPoint\",\"urlTemplate\":\"https:\\\/\\\/www.socialdemocrats.ie\\\/?s={search_term_string}\"},\"query-input\":{\"@type\":\"PropertyValueSpecification\",\"valueRequired\":true,\"valueName\":\"search_term_string\"}}],\"inLanguage\":\"ga-IE\"},{\"@type\":\"Organization\",\"@id\":\"https:\\\/\\\/www.socialdemocrats.ie\\\/#organization\",\"name\":\"The Social Democrats\",\"url\":\"https:\\\/\\\/www.socialdemocrats.ie\\\/\",\"logo\":{\"@type\":\"ImageObject\",\"inLanguage\":\"ga-IE\",\"@id\":\"https:\\\/\\\/www.socialdemocrats.ie\\\/#\\\/schema\\\/logo\\\/image\\\/\",\"url\":\"https:\\\/\\\/www.socialdemocrats.ie\\\/wp-content\\\/uploads\\\/2023\\\/09\\\/SocDems-logo.png\",\"contentUrl\":\"https:\\\/\\\/www.socialdemocrats.ie\\\/wp-content\\\/uploads\\\/2023\\\/09\\\/SocDems-logo.png\",\"width\":846,\"height\":358,\"caption\":\"The Social Democrats\"},\"image\":{\"@id\":\"https:\\\/\\\/www.socialdemocrats.ie\\\/#\\\/schema\\\/logo\\\/image\\\/\"},\"sameAs\":[\"https:\\\/\\\/www.facebook.com\\\/socialdemocratsireland\",\"https:\\\/\\\/x.com\\\/SocDems\"]},{\"@type\":\"Person\",\"@id\":\"https:\\\/\\\/www.socialdemocrats.ie\\\/#\\\/schema\\\/person\\\/4aa25e1b0ecfe5e51a2ceab9a9006960\",\"name\":\"ZOO Admin\",\"url\":\"https:\\\/\\\/www.socialdemocrats.ie\\\/ga\\\/author\\\/zoo-admin\\\/\"}]}<\/script>\n<!-- \/ Yoast SEO plugin. -->","yoast_head_json":{"title":"Social Democrats' Mary Callaghan elected Deputy Lord Mayor of Dublin - Social Democrats","robots":{"index":"index","follow":"follow","max-snippet":"max-snippet:-1","max-image-preview":"max-image-preview:large","max-video-preview":"max-video-preview:-1"},"canonical":"https:\/\/www.socialdemocrats.ie\/social-democrats-mary-callaghan-elected-deputy-lord-mayor-of-dublin\/","og_locale":"ga_IE","og_type":"article","og_title":"Social Democrats' Mary Callaghan elected Deputy Lord Mayor of Dublin - Social Democrats","og_description":"The Social Democrats have tonight welcomed the election of their Councillor, Mary Callaghan, to the role of Deputy Lord Mayor. Callaghan, a Finglas native herself, ran for the first time in the 2019 Local Elections and was elected to represent the Ballymun\/Finglas Ward. A former computer programmer, Mary has worked both in Ireland and abroad [&hellip;]","og_url":"https:\/\/www.socialdemocrats.ie\/social-democrats-mary-callaghan-elected-deputy-lord-mayor-of-dublin\/","og_site_name":"Social Democrats","article_publisher":"https:\/\/www.facebook.com\/socialdemocratsireland","article_published_time":"2020-06-29T17:54:56+00:00","og_image":[{"width":1788,"height":2048,"url":"https:\/\/www.socialdemocrats.ie\/wp-content\/uploads\/2023\/09\/Mary-Callaghan-SocDem-Website.jpg","type":"image\/jpeg"}],"author":"ZOO Admin","twitter_card":"summary_large_image","twitter_creator":"@SocDems","twitter_site":"@SocDems","twitter_misc":{"Written by":"ZOO Admin","Est. reading time":"2 minutes"},"schema":{"@context":"https:\/\/schema.org","@graph":[{"@type":"Article","@id":"https:\/\/www.socialdemocrats.ie\/social-democrats-mary-callaghan-elected-deputy-lord-mayor-of-dublin\/#article","isPartOf":{"@id":"https:\/\/www.socialdemocrats.ie\/social-democrats-mary-callaghan-elected-deputy-lord-mayor-of-dublin\/"},"author":{"name":"ZOO Admin","@id":"https:\/\/www.socialdemocrats.ie\/#\/schema\/person\/4aa25e1b0ecfe5e51a2ceab9a9006960"},"headline":"Social Democrats&#8217; Mary Callaghan elected Deputy Lord Mayor of Dublin","datePublished":"2020-06-29T17:54:56+00:00","mainEntityOfPage":{"@id":"https:\/\/www.socialdemocrats.ie\/social-democrats-mary-callaghan-elected-deputy-lord-mayor-of-dublin\/"},"wordCount":479,"commentCount":0,"publisher":{"@id":"https:\/\/www.socialdemocrats.ie\/#organization"},"image":{"@id":"https:\/\/www.socialdemocrats.ie\/social-democrats-mary-callaghan-elected-deputy-lord-mayor-of-dublin\/#primaryimage"},"thumbnailUrl":"https:\/\/www.socialdemocrats.ie\/wp-content\/uploads\/2023\/09\/Mary-Callaghan-SocDem-Website.jpg","articleSection":["Press Release"],"inLanguage":"ga-IE"},{"@type":"WebPage","@id":"https:\/\/www.socialdemocrats.ie\/social-democrats-mary-callaghan-elected-deputy-lord-mayor-of-dublin\/","url":"https:\/\/www.socialdemocrats.ie\/social-democrats-mary-callaghan-elected-deputy-lord-mayor-of-dublin\/","name":"Social Democrats' Mary Callaghan elected Deputy Lord Mayor of Dublin - Social Democrats","isPartOf":{"@id":"https:\/\/www.socialdemocrats.ie\/#website"},"primaryImageOfPage":{"@id":"https:\/\/www.socialdemocrats.ie\/social-democrats-mary-callaghan-elected-deputy-lord-mayor-of-dublin\/#primaryimage"},"image":{"@id":"https:\/\/www.socialdemocrats.ie\/social-democrats-mary-callaghan-elected-deputy-lord-mayor-of-dublin\/#primaryimage"},"thumbnailUrl":"https:\/\/www.socialdemocrats.ie\/wp-content\/uploads\/2023\/09\/Mary-Callaghan-SocDem-Website.jpg","datePublished":"2020-06-29T17:54:56+00:00","breadcrumb":{"@id":"https:\/\/www.socialdemocrats.ie\/social-democrats-mary-callaghan-elected-deputy-lord-mayor-of-dublin\/#breadcrumb"},"inLanguage":"ga-IE","potentialAction":[{"@type":"ReadAction","target":["https:\/\/www.socialdemocrats.ie\/social-democrats-mary-callaghan-elected-deputy-lord-mayor-of-dublin\/"]}]},{"@type":"ImageObject","inLanguage":"ga-IE","@id":"https:\/\/www.socialdemocrats.ie\/social-democrats-mary-callaghan-elected-deputy-lord-mayor-of-dublin\/#primaryimage","url":"https:\/\/www.socialdemocrats.ie\/wp-content\/uploads\/2023\/09\/Mary-Callaghan-SocDem-Website.jpg","contentUrl":"https:\/\/www.socialdemocrats.ie\/wp-content\/uploads\/2023\/09\/Mary-Callaghan-SocDem-Website.jpg","width":1788,"height":2048},{"@type":"BreadcrumbList","@id":"https:\/\/www.socialdemocrats.ie\/social-democrats-mary-callaghan-elected-deputy-lord-mayor-of-dublin\/#breadcrumb","itemListElement":[{"@type":"ListItem","position":1,"name":"Home","item":"https:\/\/www.socialdemocrats.ie\/"},{"@type":"ListItem","position":2,"name":"Social Democrats&#8217; Mary Callaghan elected Deputy Lord Mayor of Dublin"}]},{"@type":"WebSite","@id":"https:\/\/www.socialdemocrats.ie\/#website","url":"https:\/\/www.socialdemocrats.ie\/","name":"Social Democrats","description":"Change Ireland for the better","publisher":{"@id":"https:\/\/www.socialdemocrats.ie\/#organization"},"potentialAction":[{"@type":"SearchAction","target":{"@type":"EntryPoint","urlTemplate":"https:\/\/www.socialdemocrats.ie\/?s={search_term_string}"},"query-input":{"@type":"PropertyValueSpecification","valueRequired":true,"valueName":"search_term_string"}}],"inLanguage":"ga-IE"},{"@type":"Organization","@id":"https:\/\/www.socialdemocrats.ie\/#organization","name":"The Social Democrats","url":"https:\/\/www.socialdemocrats.ie\/","logo":{"@type":"ImageObject","inLanguage":"ga-IE","@id":"https:\/\/www.socialdemocrats.ie\/#\/schema\/logo\/image\/","url":"https:\/\/www.socialdemocrats.ie\/wp-content\/uploads\/2023\/09\/SocDems-logo.png","contentUrl":"https:\/\/www.socialdemocrats.ie\/wp-content\/uploads\/2023\/09\/SocDems-logo.png","width":846,"height":358,"caption":"The Social Democrats"},"image":{"@id":"https:\/\/www.socialdemocrats.ie\/#\/schema\/logo\/image\/"},"sameAs":["https:\/\/www.facebook.com\/socialdemocratsireland","https:\/\/x.com\/SocDems"]},{"@type":"Person","@id":"https:\/\/www.socialdemocrats.ie\/#\/schema\/person\/4aa25e1b0ecfe5e51a2ceab9a9006960","name":"ZOO Admin","url":"https:\/\/www.socialdemocrats.ie\/ga\/author\/zoo-admin\/"}]}},"_links":{"self":[{"href":"https:\/\/www.socialdemocrats.ie\/ga\/wp-json\/wp\/v2\/posts\/1023","targetHints":{"allow":["GET"]}}],"collection":[{"href":"https:\/\/www.socialdemocrats.ie\/ga\/wp-json\/wp\/v2\/posts"}],"about":[{"href":"https:\/\/www.socialdemocrats.ie\/ga\/wp-json\/wp\/v2\/types\/post"}],"author":[{"embeddable":true,"href":"https:\/\/www.socialdemocrats.ie\/ga\/wp-json\/wp\/v2\/users\/2"}],"replies":[{"embeddable":true,"href":"https:\/\/www.socialdemocrats.ie\/ga\/wp-json\/wp\/v2\/comments?post=1023"}],"version-history":[{"count":0,"href":"https:\/\/www.socialdemocrats.ie\/ga\/wp-json\/wp\/v2\/posts\/1023\/revisions"}],"wp:featuredmedia":[{"embeddable":true,"href":"https:\/\/www.socialdemocrats.ie\/ga\/wp-json\/wp\/v2\/media\/1024"}],"wp:attachment":[{"href":"https:\/\/www.socialdemocrats.ie\/ga\/wp-json\/wp\/v2\/media?parent=1023"}],"wp:term":[{"taxonomy":"category","embeddable":true,"href":"https:\/\/www.socialdemocrats.ie\/ga\/wp-json\/wp\/v2\/categories?post=1023"},{"taxonomy":"post_tag","embeddable":true,"href":"https:\/\/www.socialdemocrats.ie\/ga\/wp-json\/wp\/v2\/tags?post=1023"}],"curies":[{"name":"wp","href":"https:\/\/api.w.org\/{rel}","templated":true}]}}