{"id":14662,"date":"2025-12-08T16:31:00","date_gmt":"2025-12-08T16:31:00","guid":{"rendered":"https:\/\/www.socialdemocrats.ie\/?p=14662"},"modified":"2025-12-08T16:31:00","modified_gmt":"2025-12-08T16:31:00","slug":"deportations-wasting-swathes-of-public-money-for-no-benefit","status":"publish","type":"post","link":"https:\/\/www.socialdemocrats.ie\/ga\/deportations-wasting-swathes-of-public-money-for-no-benefit\/","title":{"rendered":"Deportations wasting swathes of public money for no benefit"},"content":{"rendered":"<p>A recent deportation flight to Pakistan carried 79 officers of An Garda S\u00edoch\u00e1na for just 24 asylum seekers, more than three times as many Garda\u00ed as deportees, according to Social Democrats justice spokesperson Gary Gannon.<\/p>\n<p>Deputy Gannon said:<\/p>\n<p>\u201cOnce again, the State has spent lavishly &#8211; not on housing or social supports &#8211; but on political theatre.<\/p>\n<p>\u201cThe operation also reportedly cost around \u20ac474,000, roughly \u20ac20,000 per person.<\/p>\n<p>\u201cI have consistently asked parliamentary questions and, during the Justice Committee, directly challenged the government on why they continue to insist on posting photos of these deportations.<\/p>\n<p>\u201cTime and again, the only way to extract even the most basic information is through these questions and only after the Government has already staged the images for social media.<\/p>\n<p>\u201cWhat we see here is not rigorous public policy; it is stunt-driven bureaucracy, wasting taxpayers\u2019 money for the sake of a tough-on-immigration photo-op.<\/p>\n<p>\u201cIt must be made abundantly clear that for most of the people on that flight, it was a story of lives lived in Ireland for years &#8211; families, homes, perhaps children in school. Yet they are being removed to create a spectacle no doubt intended for public consumption, not efficiency or justice.<\/p>\n<p>\u201cThis is part of a broader pattern: the recycling of government-issued images of deportations, the charters, the Garda staging, all of which point to a continued streak of performative cruelty rather than any serious plan for humane migration policy.<\/p>\n<p>\u201cInstead of investing in social housing, integration supports, or fair asylum processing, we get this wasteful display: hundreds of thousands of euros spent on a half empty plane, for the sake of conservative optics.<\/p>\n<p>\u201cThe public deserves transparency; the most vulnerable cohort in our society deserve dignity.<\/p>\n<p>\u201cThis government\u2019s showboating is not only morally bankrupt, it is a misuse of public funds at a time when people across Ireland are struggling with housing, inflation, and a lack of support. If we cannot muster the decency or the sense to treat human beings with respect, then we should at least stop wasting money just to prove a point.\u201d<\/p>\n<p><em><strong>December 8th, 2025<\/strong><\/em><\/p>\n","protected":false},"excerpt":{"rendered":"<p>A recent deportation flight to Pakistan carried 79 officers of An Garda S\u00edoch\u00e1na for just 24 asylum seekers, more than three times as many Garda\u00ed as deportees, according to Social Democrats justice spokesperson Gary Gannon. Deputy Gannon said: \u201cOnce again, the State has spent lavishly &#8211; not on housing or social supports &#8211; but on [&hellip;]<\/p>\n","protected":false},"author":3,"featured_media":11685,"comment_status":"closed","ping_status":"closed","sticky":false,"template":"","format":"standard","meta":{"_acf_changed":false,"footnotes":""},"categories":[316,528,411],"tags":[],"class_list":["post-14662","post","type-post","status-publish","format-standard","has-post-thumbnail","hentry","category-gary-gannon","category-immigration","category-justice"],"acf":[],"yoast_head":"<!-- This site is optimized with the Yoast SEO plugin v27.3 - https:\/\/yoast.com\/product\/yoast-seo-wordpress\/ -->\n<title>Deportations wasting swathes of public money for no benefit - Social Democrats<\/title>\n<meta name=\"robots\" content=\"index, follow, max-snippet:-1, max-image-preview:large, max-video-preview:-1\" \/>\n<link rel=\"canonical\" href=\"https:\/\/www.socialdemocrats.ie\/deportations-wasting-swathes-of-public-money-for-no-benefit\/\" \/>\n<meta property=\"og:locale\" content=\"ga_IE\" \/>\n<meta property=\"og:type\" content=\"article\" \/>\n<meta property=\"og:title\" content=\"Deportations wasting swathes of public money for no benefit - Social Democrats\" \/>\n<meta property=\"og:description\" content=\"A recent deportation flight to Pakistan carried 79 officers of An Garda S\u00edoch\u00e1na for just 24 asylum seekers, more than three times as many Garda\u00ed as deportees, according to Social Democrats justice spokesperson Gary Gannon. Deputy Gannon said: \u201cOnce again, the State has spent lavishly &#8211; not on housing or social supports &#8211; but on [&hellip;]\" \/>\n<meta property=\"og:url\" content=\"https:\/\/www.socialdemocrats.ie\/deportations-wasting-swathes-of-public-money-for-no-benefit\/\" \/>\n<meta property=\"og:site_name\" content=\"Social Democrats\" \/>\n<meta property=\"article:publisher\" content=\"https:\/\/www.facebook.com\/socialdemocratsireland\" \/>\n<meta property=\"article:published_time\" content=\"2025-12-08T16:31:00+00:00\" \/>\n<meta property=\"og:image\" content=\"https:\/\/www.socialdemocrats.ie\/wp-content\/uploads\/2025\/02\/Gary-new.jpg\" \/>\n\t<meta property=\"og:image:width\" content=\"1920\" \/>\n\t<meta property=\"og:image:height\" content=\"1202\" \/>\n\t<meta property=\"og:image:type\" content=\"image\/jpeg\" \/>\n<meta name=\"author\" content=\"Press Officer\" \/>\n<meta name=\"twitter:card\" content=\"summary_large_image\" \/>\n<meta name=\"twitter:creator\" content=\"@SocDems\" \/>\n<meta name=\"twitter:site\" content=\"@SocDems\" \/>\n<meta name=\"twitter:label1\" content=\"Written by\" \/>\n\t<meta name=\"twitter:data1\" content=\"Press Officer\" \/>\n\t<meta name=\"twitter:label2\" content=\"Est. reading time\" \/>\n\t<meta name=\"twitter:data2\" content=\"2 minutes\" \/>\n<script type=\"application\/ld+json\" class=\"yoast-schema-graph\">{\"@context\":\"https:\\\/\\\/schema.org\",\"@graph\":[{\"@type\":\"Article\",\"@id\":\"https:\\\/\\\/www.socialdemocrats.ie\\\/deportations-wasting-swathes-of-public-money-for-no-benefit\\\/#article\",\"isPartOf\":{\"@id\":\"https:\\\/\\\/www.socialdemocrats.ie\\\/deportations-wasting-swathes-of-public-money-for-no-benefit\\\/\"},\"author\":{\"name\":\"Press Officer\",\"@id\":\"https:\\\/\\\/www.socialdemocrats.ie\\\/#\\\/schema\\\/person\\\/70fcd60661593532616f9f91a0fb8db7\"},\"headline\":\"Deportations wasting swathes of public money for no benefit\",\"datePublished\":\"2025-12-08T16:31:00+00:00\",\"mainEntityOfPage\":{\"@id\":\"https:\\\/\\\/www.socialdemocrats.ie\\\/deportations-wasting-swathes-of-public-money-for-no-benefit\\\/\"},\"wordCount\":356,\"publisher\":{\"@id\":\"https:\\\/\\\/www.socialdemocrats.ie\\\/#organization\"},\"image\":{\"@id\":\"https:\\\/\\\/www.socialdemocrats.ie\\\/deportations-wasting-swathes-of-public-money-for-no-benefit\\\/#primaryimage\"},\"thumbnailUrl\":\"https:\\\/\\\/www.socialdemocrats.ie\\\/wp-content\\\/uploads\\\/2025\\\/02\\\/Gary-new.jpg\",\"articleSection\":[\"Gary Gannon\",\"Immigration\",\"Justice\"],\"inLanguage\":\"ga-IE\"},{\"@type\":\"WebPage\",\"@id\":\"https:\\\/\\\/www.socialdemocrats.ie\\\/deportations-wasting-swathes-of-public-money-for-no-benefit\\\/\",\"url\":\"https:\\\/\\\/www.socialdemocrats.ie\\\/deportations-wasting-swathes-of-public-money-for-no-benefit\\\/\",\"name\":\"Deportations wasting swathes of public money for no benefit - Social Democrats\",\"isPartOf\":{\"@id\":\"https:\\\/\\\/www.socialdemocrats.ie\\\/#website\"},\"primaryImageOfPage\":{\"@id\":\"https:\\\/\\\/www.socialdemocrats.ie\\\/deportations-wasting-swathes-of-public-money-for-no-benefit\\\/#primaryimage\"},\"image\":{\"@id\":\"https:\\\/\\\/www.socialdemocrats.ie\\\/deportations-wasting-swathes-of-public-money-for-no-benefit\\\/#primaryimage\"},\"thumbnailUrl\":\"https:\\\/\\\/www.socialdemocrats.ie\\\/wp-content\\\/uploads\\\/2025\\\/02\\\/Gary-new.jpg\",\"datePublished\":\"2025-12-08T16:31:00+00:00\",\"breadcrumb\":{\"@id\":\"https:\\\/\\\/www.socialdemocrats.ie\\\/deportations-wasting-swathes-of-public-money-for-no-benefit\\\/#breadcrumb\"},\"inLanguage\":\"ga-IE\",\"potentialAction\":[{\"@type\":\"ReadAction\",\"target\":[\"https:\\\/\\\/www.socialdemocrats.ie\\\/deportations-wasting-swathes-of-public-money-for-no-benefit\\\/\"]}]},{\"@type\":\"ImageObject\",\"inLanguage\":\"ga-IE\",\"@id\":\"https:\\\/\\\/www.socialdemocrats.ie\\\/deportations-wasting-swathes-of-public-money-for-no-benefit\\\/#primaryimage\",\"url\":\"https:\\\/\\\/www.socialdemocrats.ie\\\/wp-content\\\/uploads\\\/2025\\\/02\\\/Gary-new.jpg\",\"contentUrl\":\"https:\\\/\\\/www.socialdemocrats.ie\\\/wp-content\\\/uploads\\\/2025\\\/02\\\/Gary-new.jpg\",\"width\":1920,\"height\":1202},{\"@type\":\"BreadcrumbList\",\"@id\":\"https:\\\/\\\/www.socialdemocrats.ie\\\/deportations-wasting-swathes-of-public-money-for-no-benefit\\\/#breadcrumb\",\"itemListElement\":[{\"@type\":\"ListItem\",\"position\":1,\"name\":\"Home\",\"item\":\"https:\\\/\\\/www.socialdemocrats.ie\\\/\"},{\"@type\":\"ListItem\",\"position\":2,\"name\":\"Deportations wasting swathes of public money for no benefit\"}]},{\"@type\":\"WebSite\",\"@id\":\"https:\\\/\\\/www.socialdemocrats.ie\\\/#website\",\"url\":\"https:\\\/\\\/www.socialdemocrats.ie\\\/\",\"name\":\"Social Democrats\",\"description\":\"Change Ireland for the better\",\"publisher\":{\"@id\":\"https:\\\/\\\/www.socialdemocrats.ie\\\/#organization\"},\"potentialAction\":[{\"@type\":\"SearchAction\",\"target\":{\"@type\":\"EntryPoint\",\"urlTemplate\":\"https:\\\/\\\/www.socialdemocrats.ie\\\/?s={search_term_string}\"},\"query-input\":{\"@type\":\"PropertyValueSpecification\",\"valueRequired\":true,\"valueName\":\"search_term_string\"}}],\"inLanguage\":\"ga-IE\"},{\"@type\":\"Organization\",\"@id\":\"https:\\\/\\\/www.socialdemocrats.ie\\\/#organization\",\"name\":\"The Social Democrats\",\"url\":\"https:\\\/\\\/www.socialdemocrats.ie\\\/\",\"logo\":{\"@type\":\"ImageObject\",\"inLanguage\":\"ga-IE\",\"@id\":\"https:\\\/\\\/www.socialdemocrats.ie\\\/#\\\/schema\\\/logo\\\/image\\\/\",\"url\":\"https:\\\/\\\/www.socialdemocrats.ie\\\/wp-content\\\/uploads\\\/2023\\\/09\\\/SocDems-logo.png\",\"contentUrl\":\"https:\\\/\\\/www.socialdemocrats.ie\\\/wp-content\\\/uploads\\\/2023\\\/09\\\/SocDems-logo.png\",\"width\":846,\"height\":358,\"caption\":\"The Social Democrats\"},\"image\":{\"@id\":\"https:\\\/\\\/www.socialdemocrats.ie\\\/#\\\/schema\\\/logo\\\/image\\\/\"},\"sameAs\":[\"https:\\\/\\\/www.facebook.com\\\/socialdemocratsireland\",\"https:\\\/\\\/x.com\\\/SocDems\"]},{\"@type\":\"Person\",\"@id\":\"https:\\\/\\\/www.socialdemocrats.ie\\\/#\\\/schema\\\/person\\\/70fcd60661593532616f9f91a0fb8db7\",\"name\":\"Press Officer\",\"url\":\"https:\\\/\\\/www.socialdemocrats.ie\\\/ga\\\/author\\\/press\\\/\"}]}<\/script>\n<!-- \/ Yoast SEO plugin. -->","yoast_head_json":{"title":"Deportations wasting swathes of public money for no benefit - Social Democrats","robots":{"index":"index","follow":"follow","max-snippet":"max-snippet:-1","max-image-preview":"max-image-preview:large","max-video-preview":"max-video-preview:-1"},"canonical":"https:\/\/www.socialdemocrats.ie\/deportations-wasting-swathes-of-public-money-for-no-benefit\/","og_locale":"ga_IE","og_type":"article","og_title":"Deportations wasting swathes of public money for no benefit - Social Democrats","og_description":"A recent deportation flight to Pakistan carried 79 officers of An Garda S\u00edoch\u00e1na for just 24 asylum seekers, more than three times as many Garda\u00ed as deportees, according to Social Democrats justice spokesperson Gary Gannon. Deputy Gannon said: \u201cOnce again, the State has spent lavishly &#8211; not on housing or social supports &#8211; but on [&hellip;]","og_url":"https:\/\/www.socialdemocrats.ie\/deportations-wasting-swathes-of-public-money-for-no-benefit\/","og_site_name":"Social Democrats","article_publisher":"https:\/\/www.facebook.com\/socialdemocratsireland","article_published_time":"2025-12-08T16:31:00+00:00","og_image":[{"width":1920,"height":1202,"url":"https:\/\/www.socialdemocrats.ie\/wp-content\/uploads\/2025\/02\/Gary-new.jpg","type":"image\/jpeg"}],"author":"Press Officer","twitter_card":"summary_large_image","twitter_creator":"@SocDems","twitter_site":"@SocDems","twitter_misc":{"Written by":"Press Officer","Est. reading time":"2 minutes"},"schema":{"@context":"https:\/\/schema.org","@graph":[{"@type":"Article","@id":"https:\/\/www.socialdemocrats.ie\/deportations-wasting-swathes-of-public-money-for-no-benefit\/#article","isPartOf":{"@id":"https:\/\/www.socialdemocrats.ie\/deportations-wasting-swathes-of-public-money-for-no-benefit\/"},"author":{"name":"Press Officer","@id":"https:\/\/www.socialdemocrats.ie\/#\/schema\/person\/70fcd60661593532616f9f91a0fb8db7"},"headline":"Deportations wasting swathes of public money for no benefit","datePublished":"2025-12-08T16:31:00+00:00","mainEntityOfPage":{"@id":"https:\/\/www.socialdemocrats.ie\/deportations-wasting-swathes-of-public-money-for-no-benefit\/"},"wordCount":356,"publisher":{"@id":"https:\/\/www.socialdemocrats.ie\/#organization"},"image":{"@id":"https:\/\/www.socialdemocrats.ie\/deportations-wasting-swathes-of-public-money-for-no-benefit\/#primaryimage"},"thumbnailUrl":"https:\/\/www.socialdemocrats.ie\/wp-content\/uploads\/2025\/02\/Gary-new.jpg","articleSection":["Gary Gannon","Immigration","Justice"],"inLanguage":"ga-IE"},{"@type":"WebPage","@id":"https:\/\/www.socialdemocrats.ie\/deportations-wasting-swathes-of-public-money-for-no-benefit\/","url":"https:\/\/www.socialdemocrats.ie\/deportations-wasting-swathes-of-public-money-for-no-benefit\/","name":"Deportations wasting swathes of public money for no benefit - Social Democrats","isPartOf":{"@id":"https:\/\/www.socialdemocrats.ie\/#website"},"primaryImageOfPage":{"@id":"https:\/\/www.socialdemocrats.ie\/deportations-wasting-swathes-of-public-money-for-no-benefit\/#primaryimage"},"image":{"@id":"https:\/\/www.socialdemocrats.ie\/deportations-wasting-swathes-of-public-money-for-no-benefit\/#primaryimage"},"thumbnailUrl":"https:\/\/www.socialdemocrats.ie\/wp-content\/uploads\/2025\/02\/Gary-new.jpg","datePublished":"2025-12-08T16:31:00+00:00","breadcrumb":{"@id":"https:\/\/www.socialdemocrats.ie\/deportations-wasting-swathes-of-public-money-for-no-benefit\/#breadcrumb"},"inLanguage":"ga-IE","potentialAction":[{"@type":"ReadAction","target":["https:\/\/www.socialdemocrats.ie\/deportations-wasting-swathes-of-public-money-for-no-benefit\/"]}]},{"@type":"ImageObject","inLanguage":"ga-IE","@id":"https:\/\/www.socialdemocrats.ie\/deportations-wasting-swathes-of-public-money-for-no-benefit\/#primaryimage","url":"https:\/\/www.socialdemocrats.ie\/wp-content\/uploads\/2025\/02\/Gary-new.jpg","contentUrl":"https:\/\/www.socialdemocrats.ie\/wp-content\/uploads\/2025\/02\/Gary-new.jpg","width":1920,"height":1202},{"@type":"BreadcrumbList","@id":"https:\/\/www.socialdemocrats.ie\/deportations-wasting-swathes-of-public-money-for-no-benefit\/#breadcrumb","itemListElement":[{"@type":"ListItem","position":1,"name":"Home","item":"https:\/\/www.socialdemocrats.ie\/"},{"@type":"ListItem","position":2,"name":"Deportations wasting swathes of public money for no benefit"}]},{"@type":"WebSite","@id":"https:\/\/www.socialdemocrats.ie\/#website","url":"https:\/\/www.socialdemocrats.ie\/","name":"Social Democrats","description":"Change Ireland for the better","publisher":{"@id":"https:\/\/www.socialdemocrats.ie\/#organization"},"potentialAction":[{"@type":"SearchAction","target":{"@type":"EntryPoint","urlTemplate":"https:\/\/www.socialdemocrats.ie\/?s={search_term_string}"},"query-input":{"@type":"PropertyValueSpecification","valueRequired":true,"valueName":"search_term_string"}}],"inLanguage":"ga-IE"},{"@type":"Organization","@id":"https:\/\/www.socialdemocrats.ie\/#organization","name":"The Social Democrats","url":"https:\/\/www.socialdemocrats.ie\/","logo":{"@type":"ImageObject","inLanguage":"ga-IE","@id":"https:\/\/www.socialdemocrats.ie\/#\/schema\/logo\/image\/","url":"https:\/\/www.socialdemocrats.ie\/wp-content\/uploads\/2023\/09\/SocDems-logo.png","contentUrl":"https:\/\/www.socialdemocrats.ie\/wp-content\/uploads\/2023\/09\/SocDems-logo.png","width":846,"height":358,"caption":"The Social Democrats"},"image":{"@id":"https:\/\/www.socialdemocrats.ie\/#\/schema\/logo\/image\/"},"sameAs":["https:\/\/www.facebook.com\/socialdemocratsireland","https:\/\/x.com\/SocDems"]},{"@type":"Person","@id":"https:\/\/www.socialdemocrats.ie\/#\/schema\/person\/70fcd60661593532616f9f91a0fb8db7","name":"Press Officer","url":"https:\/\/www.socialdemocrats.ie\/ga\/author\/press\/"}]}},"_links":{"self":[{"href":"https:\/\/www.socialdemocrats.ie\/ga\/wp-json\/wp\/v2\/posts\/14662","targetHints":{"allow":["GET"]}}],"collection":[{"href":"https:\/\/www.socialdemocrats.ie\/ga\/wp-json\/wp\/v2\/posts"}],"about":[{"href":"https:\/\/www.socialdemocrats.ie\/ga\/wp-json\/wp\/v2\/types\/post"}],"author":[{"embeddable":true,"href":"https:\/\/www.socialdemocrats.ie\/ga\/wp-json\/wp\/v2\/users\/3"}],"replies":[{"embeddable":true,"href":"https:\/\/www.socialdemocrats.ie\/ga\/wp-json\/wp\/v2\/comments?post=14662"}],"version-history":[{"count":1,"href":"https:\/\/www.socialdemocrats.ie\/ga\/wp-json\/wp\/v2\/posts\/14662\/revisions"}],"predecessor-version":[{"id":14663,"href":"https:\/\/www.socialdemocrats.ie\/ga\/wp-json\/wp\/v2\/posts\/14662\/revisions\/14663"}],"wp:featuredmedia":[{"embeddable":true,"href":"https:\/\/www.socialdemocrats.ie\/ga\/wp-json\/wp\/v2\/media\/11685"}],"wp:attachment":[{"href":"https:\/\/www.socialdemocrats.ie\/ga\/wp-json\/wp\/v2\/media?parent=14662"}],"wp:term":[{"taxonomy":"category","embeddable":true,"href":"https:\/\/www.socialdemocrats.ie\/ga\/wp-json\/wp\/v2\/categories?post=14662"},{"taxonomy":"post_tag","embeddable":true,"href":"https:\/\/www.socialdemocrats.ie\/ga\/wp-json\/wp\/v2\/tags?post=14662"}],"curies":[{"name":"wp","href":"https:\/\/api.w.org\/{rel}","templated":true}]}}