{"id":17366,"date":"2026-04-22T14:12:50","date_gmt":"2026-04-22T13:12:50","guid":{"rendered":"https:\/\/www.socialdemocrats.ie\/?p=17366"},"modified":"2026-04-22T14:12:50","modified_gmt":"2026-04-22T13:12:50","slug":"caithfear-tus-aite-a-thabhairt-do-bhainteoiri-traidisiunta-feamainne-ar-na-corparaidi-mora","status":"publish","type":"post","link":"https:\/\/www.socialdemocrats.ie\/ga\/caithfear-tus-aite-a-thabhairt-do-bhainteoiri-traidisiunta-feamainne-ar-na-corparaidi-mora\/","title":{"rendered":"Caithfear t\u00fas \u00e1ite a thabhairt do bhainteoir\u00ed traidisi\u00fanta feamainne ar na corpar\u00e1id\u00ed m\u00f3ra"},"content":{"rendered":"<p>Caithfidh an tAire Mara dul i gcomhar leis na bainteoir\u00ed traidisi\u00fanta feamainne i gConamara lena chinnti\u00fa go gcosn\u00f3far a gcearta \u2013 agus \u00e9iceola\u00edocht an ch\u00f3sta \u2013 dar le hiarrth\u00f3ir na nDaonlathaithe S\u00f3isialta san fhothoghch\u00e1n i nGaillimh Thiar, M\u00edde Nic Fhionnlaoich.<\/p>\n<p>Nocht M\u00edde a cuid tuairim\u00ed agus \u00ed ag cur f\u00e1ilte roimh Jennifer Whitmore TD \u2013 urlabhra\u00ed an ph\u00e1irt\u00ed ar ch\u00farsa\u00ed talmha\u00edochta, bia agus mara \u2013 go Leitir M\u00f3ir i gCeantar na nOile\u00e1n inniu le h\u00e9isteacht le nithe is \u00fadar imn\u00ed do bhainteoir\u00ed feamainne na h\u00e1ite.<\/p>\n<p>Bh\u00ed an m\u00e9id seo le r\u00e1 ag M\u00edde:<\/p>\n<p>\u201cIs fadhb ollmh\u00f3r \u00e9 seo do na pobail anseo, agus beagnach 21,000 duine tar \u00e9is achain\u00ed ar l\u00edne a sh\u00edni\u00fa a fh\u00e9achann le cosc a chur ar chorpar\u00e1id\u00ed m\u00f3ra str\u00e1ic\u00ed m\u00f3ra millteacha feamainne a bhaint feadh ch\u00f3sta thiar na t\u00edre.<\/p>\n<p>\u201cT\u00e1 feamainn \u00e1 baint feadh ch\u00f3sta Chonamara leis na cianta. Gearrann bainteoir\u00ed traidisi\u00fanta de l\u00e1imh \u00ed, agus \u00fas\u00e1idtear mar leasach\u00e1n agus i r\u00e9imse t\u00e1irg\u00ed \u00ed. T\u00e1 cearta cuid de na bainteoir\u00ed \u00e1iti\u00fala cl\u00e1raithe ar a bhf\u00f3ili\u00f3, ach n\u00edl cearta go leor eile acu cl\u00e1raithe ar chor ar bith.<\/p>\n<p>\u201cNuair a fuarthas iarratas \u00f3n gcomhlacht Ceanadach Arramara, th\u00e1inig imn\u00ed mh\u00f3r chun cinn faoi r\u00f3bhaint; faoi sh\u00e9anadh ceart ar na bainteoir\u00ed traidisi\u00fanta, go h\u00e1irithe iad si\u00fad nach bhfuil a gcearta cl\u00e1raithe; agus faoin gcaoi a dtabharfadh an c\u00f3ras cead\u00fanaithe bunt\u00e1iste \u00e9ag\u00f3rach do chorpar\u00e1id\u00ed m\u00f3ra toisc nach nd\u00e9anann formh\u00f3r na mbainteoir\u00ed traidisi\u00fanta a nd\u00f3thain airgid \u00f3 bhaint na feamainne gur fi\u00fa costas an chead\u00fanais a chl\u00fadach.<\/p>\n<p>\u201cT\u00e1 imn\u00ed dh\u00e1ir\u00edre ann go mbainf\u00ed an bonn de na cearta traidisi\u00fanta d\u00e1 dtabharfa\u00ed cead\u00fanais do chomhlachta\u00ed m\u00f3ra, agus go mbeadh n\u00ed ba mh\u00f3 riosca ann don \u00e9iceach\u00f3ras feadh an ch\u00f3sta d\u00e1 dtos\u00f3fa\u00ed ag baint feamainne ar an m\u00f3rch\u00f3ir. Caithfidh an tAire Mara \u00e9isteacht leis na nithe is \u00fadar imn\u00ed do na bainteoir\u00ed traidisi\u00fanta maidir leis an gc\u00f3ras cead\u00fanaithe.&#8221;<\/p>\n<p>Bh\u00ed an m\u00e9id seo le r\u00e1 ag Jennifer Whitmore TD, a bhfuil c\u00falra aici san \u00e9iceola\u00edocht, san eola\u00edocht mhuir\u00ed agus sa dl\u00ed comhshaoil:<\/p>\n<p>\u201cN\u00ed haon \u00e1ibh\u00e9il a r\u00e1 go bhfuil s\u00e9 iontach t\u00e1bhachtach na cearta traidisi\u00fanta bainte feamainne a choinne\u00e1il agus a chosaint do phobail sa taobh seo t\u00edre. Braitheann \u00e9iceola\u00edocht an chladaigh ar eolas \u00e1iti\u00fail na mbainteoir\u00ed seo, agus t\u00e1 imn\u00ed orthu anois \u2013 agus an ceart acu \u2013 go bhfuil eintitis mh\u00f3ra tr\u00e1cht\u00e1la chun teacht isteach agus na hacmhainn\u00ed feamainne a \u00eddi\u00fa ar sc\u00e1la ollmh\u00f3r.<\/p>\n<p>\u201cT\u00e1 m\u00e9 f\u00e9in agus M\u00edde beirt ag seasamh go hioml\u00e1n leo si\u00fad at\u00e1 ag baint feamainne ar an n\u00f3s traidisi\u00fanta i nGaillimh. Is den r\u00edth\u00e1bhacht go n-\u00e9istf\u00ed leis na bainteoir\u00ed \u00e1iti\u00fala \u2013 agus go dtabharfa\u00ed aird ioml\u00e1n orthu \u2013 nuair a bheidh siad ag labhairt os comhair an Choiste um Iascach agus Gn\u00f3tha\u00ed Muir\u00ed ar an 28 Aibre\u00e1n.\u201d<\/p>\n<p><em>22 Aibre\u00e1n 2026<\/em><\/p>\n","protected":false},"excerpt":{"rendered":"<p>Caithfidh an tAire Mara dul i gcomhar leis na bainteoir\u00ed traidisi\u00fanta feamainne i gConamara lena chinnti\u00fa go gcosn\u00f3far a gcearta \u2013 agus \u00e9iceola\u00edocht an ch\u00f3sta \u2013 dar le hiarrth\u00f3ir na nDaonlathaithe S\u00f3isialta san fhothoghch\u00e1n i nGaillimh Thiar, M\u00edde Nic Fhionnlaoich. Nocht M\u00edde a cuid tuairim\u00ed agus \u00ed ag cur f\u00e1ilte roimh Jennifer Whitmore TD \u2013 [&hellip;]<\/p>\n","protected":false},"author":3,"featured_media":17332,"comment_status":"closed","ping_status":"closed","sticky":false,"template":"","format":"standard","meta":{"_acf_changed":false,"footnotes":""},"categories":[12,806,802,803,479],"tags":[],"class_list":["post-17366","post","type-post","status-publish","format-standard","has-post-thumbnail","hentry","category-galway","category-galway-west","category-galway-west-by-election","category-mide-nic-fhionnlaoich","category-unlisted"],"acf":[],"yoast_head":"<!-- This site is optimized with the Yoast SEO plugin v27.3 - https:\/\/yoast.com\/product\/yoast-seo-wordpress\/ -->\n<title>Caithfear t\u00fas \u00e1ite a thabhairt do bhainteoir\u00ed traidisi\u00fanta feamainne ar na corpar\u00e1id\u00ed m\u00f3ra - Social Democrats<\/title>\n<meta name=\"robots\" content=\"index, follow, max-snippet:-1, max-image-preview:large, max-video-preview:-1\" \/>\n<link rel=\"canonical\" href=\"https:\/\/www.socialdemocrats.ie\/caithfear-tus-aite-a-thabhairt-do-bhainteoiri-traidisiunta-feamainne-ar-na-corparaidi-mora\/\" \/>\n<meta property=\"og:locale\" content=\"ga_IE\" \/>\n<meta property=\"og:type\" content=\"article\" \/>\n<meta property=\"og:title\" content=\"Caithfear t\u00fas \u00e1ite a thabhairt do bhainteoir\u00ed traidisi\u00fanta feamainne ar na corpar\u00e1id\u00ed m\u00f3ra - Social Democrats\" \/>\n<meta property=\"og:description\" content=\"Caithfidh an tAire Mara dul i gcomhar leis na bainteoir\u00ed traidisi\u00fanta feamainne i gConamara lena chinnti\u00fa go gcosn\u00f3far a gcearta \u2013 agus \u00e9iceola\u00edocht an ch\u00f3sta \u2013 dar le hiarrth\u00f3ir na nDaonlathaithe S\u00f3isialta san fhothoghch\u00e1n i nGaillimh Thiar, M\u00edde Nic Fhionnlaoich. Nocht M\u00edde a cuid tuairim\u00ed agus \u00ed ag cur f\u00e1ilte roimh Jennifer Whitmore TD \u2013 [&hellip;]\" \/>\n<meta property=\"og:url\" content=\"https:\/\/www.socialdemocrats.ie\/caithfear-tus-aite-a-thabhairt-do-bhainteoiri-traidisiunta-feamainne-ar-na-corparaidi-mora\/\" \/>\n<meta property=\"og:site_name\" content=\"Social Democrats\" \/>\n<meta property=\"article:publisher\" content=\"https:\/\/www.facebook.com\/socialdemocratsireland\" \/>\n<meta property=\"article:published_time\" content=\"2026-04-22T13:12:50+00:00\" \/>\n<meta property=\"og:image\" content=\"https:\/\/www.socialdemocrats.ie\/wp-content\/uploads\/2026\/04\/Jennifer-and-Mide-2.jpg\" \/>\n\t<meta property=\"og:image:width\" content=\"900\" \/>\n\t<meta property=\"og:image:height\" content=\"522\" \/>\n\t<meta property=\"og:image:type\" content=\"image\/jpeg\" \/>\n<meta name=\"author\" content=\"Press Officer\" \/>\n<meta name=\"twitter:card\" content=\"summary_large_image\" \/>\n<meta name=\"twitter:creator\" content=\"@SocDems\" \/>\n<meta name=\"twitter:site\" content=\"@SocDems\" \/>\n<meta name=\"twitter:label1\" content=\"Written by\" \/>\n\t<meta name=\"twitter:data1\" content=\"Press Officer\" \/>\n\t<meta name=\"twitter:label2\" content=\"Est. reading time\" \/>\n\t<meta name=\"twitter:data2\" content=\"3 minutes\" \/>\n<script type=\"application\/ld+json\" class=\"yoast-schema-graph\">{\"@context\":\"https:\\\/\\\/schema.org\",\"@graph\":[{\"@type\":\"Article\",\"@id\":\"https:\\\/\\\/www.socialdemocrats.ie\\\/caithfear-tus-aite-a-thabhairt-do-bhainteoiri-traidisiunta-feamainne-ar-na-corparaidi-mora\\\/#article\",\"isPartOf\":{\"@id\":\"https:\\\/\\\/www.socialdemocrats.ie\\\/caithfear-tus-aite-a-thabhairt-do-bhainteoiri-traidisiunta-feamainne-ar-na-corparaidi-mora\\\/\"},\"author\":{\"name\":\"Press Officer\",\"@id\":\"https:\\\/\\\/www.socialdemocrats.ie\\\/#\\\/schema\\\/person\\\/70fcd60661593532616f9f91a0fb8db7\"},\"headline\":\"Caithfear t\u00fas \u00e1ite a thabhairt do bhainteoir\u00ed traidisi\u00fanta feamainne ar na corpar\u00e1id\u00ed m\u00f3ra\",\"datePublished\":\"2026-04-22T13:12:50+00:00\",\"mainEntityOfPage\":{\"@id\":\"https:\\\/\\\/www.socialdemocrats.ie\\\/caithfear-tus-aite-a-thabhairt-do-bhainteoiri-traidisiunta-feamainne-ar-na-corparaidi-mora\\\/\"},\"wordCount\":556,\"publisher\":{\"@id\":\"https:\\\/\\\/www.socialdemocrats.ie\\\/#organization\"},\"image\":{\"@id\":\"https:\\\/\\\/www.socialdemocrats.ie\\\/caithfear-tus-aite-a-thabhairt-do-bhainteoiri-traidisiunta-feamainne-ar-na-corparaidi-mora\\\/#primaryimage\"},\"thumbnailUrl\":\"https:\\\/\\\/www.socialdemocrats.ie\\\/wp-content\\\/uploads\\\/2026\\\/04\\\/Jennifer-and-Mide-2.jpg\",\"articleSection\":[\"Galway\",\"Galway West\",\"Galway West by-election\",\"M\u00edde Nic Fhionnlaoich\",\"Unlisted\"],\"inLanguage\":\"ga-IE\"},{\"@type\":\"WebPage\",\"@id\":\"https:\\\/\\\/www.socialdemocrats.ie\\\/caithfear-tus-aite-a-thabhairt-do-bhainteoiri-traidisiunta-feamainne-ar-na-corparaidi-mora\\\/\",\"url\":\"https:\\\/\\\/www.socialdemocrats.ie\\\/caithfear-tus-aite-a-thabhairt-do-bhainteoiri-traidisiunta-feamainne-ar-na-corparaidi-mora\\\/\",\"name\":\"Caithfear t\u00fas \u00e1ite a thabhairt do bhainteoir\u00ed traidisi\u00fanta feamainne ar na corpar\u00e1id\u00ed m\u00f3ra - Social Democrats\",\"isPartOf\":{\"@id\":\"https:\\\/\\\/www.socialdemocrats.ie\\\/#website\"},\"primaryImageOfPage\":{\"@id\":\"https:\\\/\\\/www.socialdemocrats.ie\\\/caithfear-tus-aite-a-thabhairt-do-bhainteoiri-traidisiunta-feamainne-ar-na-corparaidi-mora\\\/#primaryimage\"},\"image\":{\"@id\":\"https:\\\/\\\/www.socialdemocrats.ie\\\/caithfear-tus-aite-a-thabhairt-do-bhainteoiri-traidisiunta-feamainne-ar-na-corparaidi-mora\\\/#primaryimage\"},\"thumbnailUrl\":\"https:\\\/\\\/www.socialdemocrats.ie\\\/wp-content\\\/uploads\\\/2026\\\/04\\\/Jennifer-and-Mide-2.jpg\",\"datePublished\":\"2026-04-22T13:12:50+00:00\",\"breadcrumb\":{\"@id\":\"https:\\\/\\\/www.socialdemocrats.ie\\\/caithfear-tus-aite-a-thabhairt-do-bhainteoiri-traidisiunta-feamainne-ar-na-corparaidi-mora\\\/#breadcrumb\"},\"inLanguage\":\"ga-IE\",\"potentialAction\":[{\"@type\":\"ReadAction\",\"target\":[\"https:\\\/\\\/www.socialdemocrats.ie\\\/caithfear-tus-aite-a-thabhairt-do-bhainteoiri-traidisiunta-feamainne-ar-na-corparaidi-mora\\\/\"]}]},{\"@type\":\"ImageObject\",\"inLanguage\":\"ga-IE\",\"@id\":\"https:\\\/\\\/www.socialdemocrats.ie\\\/caithfear-tus-aite-a-thabhairt-do-bhainteoiri-traidisiunta-feamainne-ar-na-corparaidi-mora\\\/#primaryimage\",\"url\":\"https:\\\/\\\/www.socialdemocrats.ie\\\/wp-content\\\/uploads\\\/2026\\\/04\\\/Jennifer-and-Mide-2.jpg\",\"contentUrl\":\"https:\\\/\\\/www.socialdemocrats.ie\\\/wp-content\\\/uploads\\\/2026\\\/04\\\/Jennifer-and-Mide-2.jpg\",\"width\":900,\"height\":522},{\"@type\":\"BreadcrumbList\",\"@id\":\"https:\\\/\\\/www.socialdemocrats.ie\\\/caithfear-tus-aite-a-thabhairt-do-bhainteoiri-traidisiunta-feamainne-ar-na-corparaidi-mora\\\/#breadcrumb\",\"itemListElement\":[{\"@type\":\"ListItem\",\"position\":1,\"name\":\"Home\",\"item\":\"https:\\\/\\\/www.socialdemocrats.ie\\\/\"},{\"@type\":\"ListItem\",\"position\":2,\"name\":\"Caithfear t\u00fas \u00e1ite a thabhairt do bhainteoir\u00ed traidisi\u00fanta feamainne ar na corpar\u00e1id\u00ed m\u00f3ra\"}]},{\"@type\":\"WebSite\",\"@id\":\"https:\\\/\\\/www.socialdemocrats.ie\\\/#website\",\"url\":\"https:\\\/\\\/www.socialdemocrats.ie\\\/\",\"name\":\"Social Democrats\",\"description\":\"Change Ireland for the better\",\"publisher\":{\"@id\":\"https:\\\/\\\/www.socialdemocrats.ie\\\/#organization\"},\"potentialAction\":[{\"@type\":\"SearchAction\",\"target\":{\"@type\":\"EntryPoint\",\"urlTemplate\":\"https:\\\/\\\/www.socialdemocrats.ie\\\/?s={search_term_string}\"},\"query-input\":{\"@type\":\"PropertyValueSpecification\",\"valueRequired\":true,\"valueName\":\"search_term_string\"}}],\"inLanguage\":\"ga-IE\"},{\"@type\":\"Organization\",\"@id\":\"https:\\\/\\\/www.socialdemocrats.ie\\\/#organization\",\"name\":\"The Social Democrats\",\"url\":\"https:\\\/\\\/www.socialdemocrats.ie\\\/\",\"logo\":{\"@type\":\"ImageObject\",\"inLanguage\":\"ga-IE\",\"@id\":\"https:\\\/\\\/www.socialdemocrats.ie\\\/#\\\/schema\\\/logo\\\/image\\\/\",\"url\":\"https:\\\/\\\/www.socialdemocrats.ie\\\/wp-content\\\/uploads\\\/2023\\\/09\\\/SocDems-logo.png\",\"contentUrl\":\"https:\\\/\\\/www.socialdemocrats.ie\\\/wp-content\\\/uploads\\\/2023\\\/09\\\/SocDems-logo.png\",\"width\":846,\"height\":358,\"caption\":\"The Social Democrats\"},\"image\":{\"@id\":\"https:\\\/\\\/www.socialdemocrats.ie\\\/#\\\/schema\\\/logo\\\/image\\\/\"},\"sameAs\":[\"https:\\\/\\\/www.facebook.com\\\/socialdemocratsireland\",\"https:\\\/\\\/x.com\\\/SocDems\"]},{\"@type\":\"Person\",\"@id\":\"https:\\\/\\\/www.socialdemocrats.ie\\\/#\\\/schema\\\/person\\\/70fcd60661593532616f9f91a0fb8db7\",\"name\":\"Press Officer\",\"url\":\"https:\\\/\\\/www.socialdemocrats.ie\\\/ga\\\/author\\\/press\\\/\"}]}<\/script>\n<!-- \/ Yoast SEO plugin. -->","yoast_head_json":{"title":"Caithfear t\u00fas \u00e1ite a thabhairt do bhainteoir\u00ed traidisi\u00fanta feamainne ar na corpar\u00e1id\u00ed m\u00f3ra - Social Democrats","robots":{"index":"index","follow":"follow","max-snippet":"max-snippet:-1","max-image-preview":"max-image-preview:large","max-video-preview":"max-video-preview:-1"},"canonical":"https:\/\/www.socialdemocrats.ie\/caithfear-tus-aite-a-thabhairt-do-bhainteoiri-traidisiunta-feamainne-ar-na-corparaidi-mora\/","og_locale":"ga_IE","og_type":"article","og_title":"Caithfear t\u00fas \u00e1ite a thabhairt do bhainteoir\u00ed traidisi\u00fanta feamainne ar na corpar\u00e1id\u00ed m\u00f3ra - Social Democrats","og_description":"Caithfidh an tAire Mara dul i gcomhar leis na bainteoir\u00ed traidisi\u00fanta feamainne i gConamara lena chinnti\u00fa go gcosn\u00f3far a gcearta \u2013 agus \u00e9iceola\u00edocht an ch\u00f3sta \u2013 dar le hiarrth\u00f3ir na nDaonlathaithe S\u00f3isialta san fhothoghch\u00e1n i nGaillimh Thiar, M\u00edde Nic Fhionnlaoich. Nocht M\u00edde a cuid tuairim\u00ed agus \u00ed ag cur f\u00e1ilte roimh Jennifer Whitmore TD \u2013 [&hellip;]","og_url":"https:\/\/www.socialdemocrats.ie\/caithfear-tus-aite-a-thabhairt-do-bhainteoiri-traidisiunta-feamainne-ar-na-corparaidi-mora\/","og_site_name":"Social Democrats","article_publisher":"https:\/\/www.facebook.com\/socialdemocratsireland","article_published_time":"2026-04-22T13:12:50+00:00","og_image":[{"width":900,"height":522,"url":"https:\/\/www.socialdemocrats.ie\/wp-content\/uploads\/2026\/04\/Jennifer-and-Mide-2.jpg","type":"image\/jpeg"}],"author":"Press Officer","twitter_card":"summary_large_image","twitter_creator":"@SocDems","twitter_site":"@SocDems","twitter_misc":{"Written by":"Press Officer","Est. reading time":"3 minutes"},"schema":{"@context":"https:\/\/schema.org","@graph":[{"@type":"Article","@id":"https:\/\/www.socialdemocrats.ie\/caithfear-tus-aite-a-thabhairt-do-bhainteoiri-traidisiunta-feamainne-ar-na-corparaidi-mora\/#article","isPartOf":{"@id":"https:\/\/www.socialdemocrats.ie\/caithfear-tus-aite-a-thabhairt-do-bhainteoiri-traidisiunta-feamainne-ar-na-corparaidi-mora\/"},"author":{"name":"Press Officer","@id":"https:\/\/www.socialdemocrats.ie\/#\/schema\/person\/70fcd60661593532616f9f91a0fb8db7"},"headline":"Caithfear t\u00fas \u00e1ite a thabhairt do bhainteoir\u00ed traidisi\u00fanta feamainne ar na corpar\u00e1id\u00ed m\u00f3ra","datePublished":"2026-04-22T13:12:50+00:00","mainEntityOfPage":{"@id":"https:\/\/www.socialdemocrats.ie\/caithfear-tus-aite-a-thabhairt-do-bhainteoiri-traidisiunta-feamainne-ar-na-corparaidi-mora\/"},"wordCount":556,"publisher":{"@id":"https:\/\/www.socialdemocrats.ie\/#organization"},"image":{"@id":"https:\/\/www.socialdemocrats.ie\/caithfear-tus-aite-a-thabhairt-do-bhainteoiri-traidisiunta-feamainne-ar-na-corparaidi-mora\/#primaryimage"},"thumbnailUrl":"https:\/\/www.socialdemocrats.ie\/wp-content\/uploads\/2026\/04\/Jennifer-and-Mide-2.jpg","articleSection":["Galway","Galway West","Galway West by-election","M\u00edde Nic Fhionnlaoich","Unlisted"],"inLanguage":"ga-IE"},{"@type":"WebPage","@id":"https:\/\/www.socialdemocrats.ie\/caithfear-tus-aite-a-thabhairt-do-bhainteoiri-traidisiunta-feamainne-ar-na-corparaidi-mora\/","url":"https:\/\/www.socialdemocrats.ie\/caithfear-tus-aite-a-thabhairt-do-bhainteoiri-traidisiunta-feamainne-ar-na-corparaidi-mora\/","name":"Caithfear t\u00fas \u00e1ite a thabhairt do bhainteoir\u00ed traidisi\u00fanta feamainne ar na corpar\u00e1id\u00ed m\u00f3ra - Social Democrats","isPartOf":{"@id":"https:\/\/www.socialdemocrats.ie\/#website"},"primaryImageOfPage":{"@id":"https:\/\/www.socialdemocrats.ie\/caithfear-tus-aite-a-thabhairt-do-bhainteoiri-traidisiunta-feamainne-ar-na-corparaidi-mora\/#primaryimage"},"image":{"@id":"https:\/\/www.socialdemocrats.ie\/caithfear-tus-aite-a-thabhairt-do-bhainteoiri-traidisiunta-feamainne-ar-na-corparaidi-mora\/#primaryimage"},"thumbnailUrl":"https:\/\/www.socialdemocrats.ie\/wp-content\/uploads\/2026\/04\/Jennifer-and-Mide-2.jpg","datePublished":"2026-04-22T13:12:50+00:00","breadcrumb":{"@id":"https:\/\/www.socialdemocrats.ie\/caithfear-tus-aite-a-thabhairt-do-bhainteoiri-traidisiunta-feamainne-ar-na-corparaidi-mora\/#breadcrumb"},"inLanguage":"ga-IE","potentialAction":[{"@type":"ReadAction","target":["https:\/\/www.socialdemocrats.ie\/caithfear-tus-aite-a-thabhairt-do-bhainteoiri-traidisiunta-feamainne-ar-na-corparaidi-mora\/"]}]},{"@type":"ImageObject","inLanguage":"ga-IE","@id":"https:\/\/www.socialdemocrats.ie\/caithfear-tus-aite-a-thabhairt-do-bhainteoiri-traidisiunta-feamainne-ar-na-corparaidi-mora\/#primaryimage","url":"https:\/\/www.socialdemocrats.ie\/wp-content\/uploads\/2026\/04\/Jennifer-and-Mide-2.jpg","contentUrl":"https:\/\/www.socialdemocrats.ie\/wp-content\/uploads\/2026\/04\/Jennifer-and-Mide-2.jpg","width":900,"height":522},{"@type":"BreadcrumbList","@id":"https:\/\/www.socialdemocrats.ie\/caithfear-tus-aite-a-thabhairt-do-bhainteoiri-traidisiunta-feamainne-ar-na-corparaidi-mora\/#breadcrumb","itemListElement":[{"@type":"ListItem","position":1,"name":"Home","item":"https:\/\/www.socialdemocrats.ie\/"},{"@type":"ListItem","position":2,"name":"Caithfear t\u00fas \u00e1ite a thabhairt do bhainteoir\u00ed traidisi\u00fanta feamainne ar na corpar\u00e1id\u00ed m\u00f3ra"}]},{"@type":"WebSite","@id":"https:\/\/www.socialdemocrats.ie\/#website","url":"https:\/\/www.socialdemocrats.ie\/","name":"Social Democrats","description":"Change Ireland for the better","publisher":{"@id":"https:\/\/www.socialdemocrats.ie\/#organization"},"potentialAction":[{"@type":"SearchAction","target":{"@type":"EntryPoint","urlTemplate":"https:\/\/www.socialdemocrats.ie\/?s={search_term_string}"},"query-input":{"@type":"PropertyValueSpecification","valueRequired":true,"valueName":"search_term_string"}}],"inLanguage":"ga-IE"},{"@type":"Organization","@id":"https:\/\/www.socialdemocrats.ie\/#organization","name":"The Social Democrats","url":"https:\/\/www.socialdemocrats.ie\/","logo":{"@type":"ImageObject","inLanguage":"ga-IE","@id":"https:\/\/www.socialdemocrats.ie\/#\/schema\/logo\/image\/","url":"https:\/\/www.socialdemocrats.ie\/wp-content\/uploads\/2023\/09\/SocDems-logo.png","contentUrl":"https:\/\/www.socialdemocrats.ie\/wp-content\/uploads\/2023\/09\/SocDems-logo.png","width":846,"height":358,"caption":"The Social Democrats"},"image":{"@id":"https:\/\/www.socialdemocrats.ie\/#\/schema\/logo\/image\/"},"sameAs":["https:\/\/www.facebook.com\/socialdemocratsireland","https:\/\/x.com\/SocDems"]},{"@type":"Person","@id":"https:\/\/www.socialdemocrats.ie\/#\/schema\/person\/70fcd60661593532616f9f91a0fb8db7","name":"Press Officer","url":"https:\/\/www.socialdemocrats.ie\/ga\/author\/press\/"}]}},"_links":{"self":[{"href":"https:\/\/www.socialdemocrats.ie\/ga\/wp-json\/wp\/v2\/posts\/17366","targetHints":{"allow":["GET"]}}],"collection":[{"href":"https:\/\/www.socialdemocrats.ie\/ga\/wp-json\/wp\/v2\/posts"}],"about":[{"href":"https:\/\/www.socialdemocrats.ie\/ga\/wp-json\/wp\/v2\/types\/post"}],"author":[{"embeddable":true,"href":"https:\/\/www.socialdemocrats.ie\/ga\/wp-json\/wp\/v2\/users\/3"}],"replies":[{"embeddable":true,"href":"https:\/\/www.socialdemocrats.ie\/ga\/wp-json\/wp\/v2\/comments?post=17366"}],"version-history":[{"count":1,"href":"https:\/\/www.socialdemocrats.ie\/ga\/wp-json\/wp\/v2\/posts\/17366\/revisions"}],"predecessor-version":[{"id":17367,"href":"https:\/\/www.socialdemocrats.ie\/ga\/wp-json\/wp\/v2\/posts\/17366\/revisions\/17367"}],"wp:featuredmedia":[{"embeddable":true,"href":"https:\/\/www.socialdemocrats.ie\/ga\/wp-json\/wp\/v2\/media\/17332"}],"wp:attachment":[{"href":"https:\/\/www.socialdemocrats.ie\/ga\/wp-json\/wp\/v2\/media?parent=17366"}],"wp:term":[{"taxonomy":"category","embeddable":true,"href":"https:\/\/www.socialdemocrats.ie\/ga\/wp-json\/wp\/v2\/categories?post=17366"},{"taxonomy":"post_tag","embeddable":true,"href":"https:\/\/www.socialdemocrats.ie\/ga\/wp-json\/wp\/v2\/tags?post=17366"}],"curies":[{"name":"wp","href":"https:\/\/api.w.org\/{rel}","templated":true}]}}