{"id":17481,"date":"2026-04-27T14:52:18","date_gmt":"2026-04-27T13:52:18","guid":{"rendered":"https:\/\/www.socialdemocrats.ie\/?p=17481"},"modified":"2026-04-27T14:52:18","modified_gmt":"2026-04-27T13:52:18","slug":"our-island-communities-must-not-be-left-behind","status":"publish","type":"post","link":"https:\/\/www.socialdemocrats.ie\/ga\/our-island-communities-must-not-be-left-behind\/","title":{"rendered":"Our island communities must not be left behind"},"content":{"rendered":"<p>Further Government investment in services and infrastructure is vital if we want our island communities to survive and thrive, according to Social Democrats Galway West by-election candidate M\u00edde Nic Fhionnlaoich.<\/p>\n<p>M\u00edde made her comments during a visit to the Aran Islands over the weekend. Speaking from Inis M\u00f3r, she said:<\/p>\n<p>\u201cIt\u2019s hard to match the beauty and unique character of these islands, which continue to be a jewel in Ireland\u2019s tourism crown, attracting more than quarter of a million visitors a year.<\/p>\n<p>\u201cDue to a decline in traditional activities such as fishing and agriculture, tourism is now the main economic driver on the islands, particularly on Inis M\u00f3r. While this is a vital financial lifeline for islanders, it comes with a fear that any fall in tourist numbers due to global instability could spell economic disaster, and that development and services for the local community have lagged behind.<\/p>\n<p>\u201cWastewater treatment on the islands continues to be a major issue, as does energy resilience due to more frequent extreme weather events caused by climate change.<\/p>\n<p>&#8220;Lack of regulation of Airbnb and difficulties with planning have also left the next generation of islanders without a place to call home.<\/p>\n<p>&#8220;In addition, there is considerable concern about the impact that low fishing quotas is having on the livelihoods of small fishermen, with many now struggling to survive in the industry.<\/p>\n<p>\u201cFor our island communities to survive and thrive, it is important that fishermen are not left behind.<\/p>\n<p>&#8220;The Government needs to help our island communities to diversify by supporting the development of new businesses, ensuring there is robust energy infrastructure in place, and that there is an absolute right to remote working.<\/p>\n<p>\u201cI am very grateful for the warm response I received from the people of Inis M\u00f3r during my visit and it was so interesting to hear first-hand about some of the challenges they face.\u201d<\/p>\n<p><em>April 27, 2026<\/em><\/p>\n","protected":false},"excerpt":{"rendered":"<p>Further Government investment in services and infrastructure is vital if we want our island communities to survive and thrive, according to Social Democrats Galway West by-election candidate M\u00edde Nic Fhionnlaoich. M\u00edde made her comments during a visit to the Aran Islands over the weekend. Speaking from Inis M\u00f3r, she said: \u201cIt\u2019s hard to match the [&hellip;]<\/p>\n","protected":false},"author":3,"featured_media":17482,"comment_status":"closed","ping_status":"closed","sticky":false,"template":"","format":"standard","meta":{"_acf_changed":false,"footnotes":""},"categories":[836,12,806,803,479],"tags":[],"class_list":["post-17481","post","type-post","status-publish","format-standard","has-post-thumbnail","hentry","category-aran-islands","category-galway","category-galway-west","category-mide-nic-fhionnlaoich","category-unlisted"],"acf":[],"yoast_head":"<!-- This site is optimized with the Yoast SEO plugin v27.3 - https:\/\/yoast.com\/product\/yoast-seo-wordpress\/ -->\n<title>Our island communities must not be left behind - Social Democrats<\/title>\n<meta name=\"robots\" content=\"index, follow, max-snippet:-1, max-image-preview:large, max-video-preview:-1\" \/>\n<link rel=\"canonical\" href=\"https:\/\/www.socialdemocrats.ie\/our-island-communities-must-not-be-left-behind\/\" \/>\n<meta property=\"og:locale\" content=\"ga_IE\" \/>\n<meta property=\"og:type\" content=\"article\" \/>\n<meta property=\"og:title\" content=\"Our island communities must not be left behind - Social Democrats\" \/>\n<meta property=\"og:description\" content=\"Further Government investment in services and infrastructure is vital if we want our island communities to survive and thrive, according to Social Democrats Galway West by-election candidate M\u00edde Nic Fhionnlaoich. M\u00edde made her comments during a visit to the Aran Islands over the weekend. Speaking from Inis M\u00f3r, she said: \u201cIt\u2019s hard to match the [&hellip;]\" \/>\n<meta property=\"og:url\" content=\"https:\/\/www.socialdemocrats.ie\/our-island-communities-must-not-be-left-behind\/\" \/>\n<meta property=\"og:site_name\" content=\"Social Democrats\" \/>\n<meta property=\"article:publisher\" content=\"https:\/\/www.facebook.com\/socialdemocratsireland\" \/>\n<meta property=\"article:published_time\" content=\"2026-04-27T13:52:18+00:00\" \/>\n<meta property=\"og:image\" content=\"https:\/\/www.socialdemocrats.ie\/wp-content\/uploads\/2026\/04\/Mide-on-Inis-Mor.jpg\" \/>\n\t<meta property=\"og:image:width\" content=\"1920\" \/>\n\t<meta property=\"og:image:height\" content=\"1442\" \/>\n\t<meta property=\"og:image:type\" content=\"image\/jpeg\" \/>\n<meta name=\"author\" content=\"Press Officer\" \/>\n<meta name=\"twitter:card\" content=\"summary_large_image\" \/>\n<meta name=\"twitter:creator\" content=\"@SocDems\" \/>\n<meta name=\"twitter:site\" content=\"@SocDems\" \/>\n<meta name=\"twitter:label1\" content=\"Written by\" \/>\n\t<meta name=\"twitter:data1\" content=\"Press Officer\" \/>\n\t<meta name=\"twitter:label2\" content=\"Est. reading time\" \/>\n\t<meta name=\"twitter:data2\" content=\"2 minutes\" \/>\n<script type=\"application\/ld+json\" class=\"yoast-schema-graph\">{\"@context\":\"https:\\\/\\\/schema.org\",\"@graph\":[{\"@type\":\"Article\",\"@id\":\"https:\\\/\\\/www.socialdemocrats.ie\\\/our-island-communities-must-not-be-left-behind\\\/#article\",\"isPartOf\":{\"@id\":\"https:\\\/\\\/www.socialdemocrats.ie\\\/our-island-communities-must-not-be-left-behind\\\/\"},\"author\":{\"name\":\"Press Officer\",\"@id\":\"https:\\\/\\\/www.socialdemocrats.ie\\\/#\\\/schema\\\/person\\\/70fcd60661593532616f9f91a0fb8db7\"},\"headline\":\"Our island communities must not be left behind\",\"datePublished\":\"2026-04-27T13:52:18+00:00\",\"mainEntityOfPage\":{\"@id\":\"https:\\\/\\\/www.socialdemocrats.ie\\\/our-island-communities-must-not-be-left-behind\\\/\"},\"wordCount\":329,\"publisher\":{\"@id\":\"https:\\\/\\\/www.socialdemocrats.ie\\\/#organization\"},\"image\":{\"@id\":\"https:\\\/\\\/www.socialdemocrats.ie\\\/our-island-communities-must-not-be-left-behind\\\/#primaryimage\"},\"thumbnailUrl\":\"https:\\\/\\\/www.socialdemocrats.ie\\\/wp-content\\\/uploads\\\/2026\\\/04\\\/Mide-on-Inis-Mor.jpg\",\"articleSection\":[\"Aran Islands\",\"Galway\",\"Galway West\",\"M\u00edde Nic Fhionnlaoich\",\"Unlisted\"],\"inLanguage\":\"ga-IE\"},{\"@type\":\"WebPage\",\"@id\":\"https:\\\/\\\/www.socialdemocrats.ie\\\/our-island-communities-must-not-be-left-behind\\\/\",\"url\":\"https:\\\/\\\/www.socialdemocrats.ie\\\/our-island-communities-must-not-be-left-behind\\\/\",\"name\":\"Our island communities must not be left behind - Social Democrats\",\"isPartOf\":{\"@id\":\"https:\\\/\\\/www.socialdemocrats.ie\\\/#website\"},\"primaryImageOfPage\":{\"@id\":\"https:\\\/\\\/www.socialdemocrats.ie\\\/our-island-communities-must-not-be-left-behind\\\/#primaryimage\"},\"image\":{\"@id\":\"https:\\\/\\\/www.socialdemocrats.ie\\\/our-island-communities-must-not-be-left-behind\\\/#primaryimage\"},\"thumbnailUrl\":\"https:\\\/\\\/www.socialdemocrats.ie\\\/wp-content\\\/uploads\\\/2026\\\/04\\\/Mide-on-Inis-Mor.jpg\",\"datePublished\":\"2026-04-27T13:52:18+00:00\",\"breadcrumb\":{\"@id\":\"https:\\\/\\\/www.socialdemocrats.ie\\\/our-island-communities-must-not-be-left-behind\\\/#breadcrumb\"},\"inLanguage\":\"ga-IE\",\"potentialAction\":[{\"@type\":\"ReadAction\",\"target\":[\"https:\\\/\\\/www.socialdemocrats.ie\\\/our-island-communities-must-not-be-left-behind\\\/\"]}]},{\"@type\":\"ImageObject\",\"inLanguage\":\"ga-IE\",\"@id\":\"https:\\\/\\\/www.socialdemocrats.ie\\\/our-island-communities-must-not-be-left-behind\\\/#primaryimage\",\"url\":\"https:\\\/\\\/www.socialdemocrats.ie\\\/wp-content\\\/uploads\\\/2026\\\/04\\\/Mide-on-Inis-Mor.jpg\",\"contentUrl\":\"https:\\\/\\\/www.socialdemocrats.ie\\\/wp-content\\\/uploads\\\/2026\\\/04\\\/Mide-on-Inis-Mor.jpg\",\"width\":1920,\"height\":1442},{\"@type\":\"BreadcrumbList\",\"@id\":\"https:\\\/\\\/www.socialdemocrats.ie\\\/our-island-communities-must-not-be-left-behind\\\/#breadcrumb\",\"itemListElement\":[{\"@type\":\"ListItem\",\"position\":1,\"name\":\"Home\",\"item\":\"https:\\\/\\\/www.socialdemocrats.ie\\\/\"},{\"@type\":\"ListItem\",\"position\":2,\"name\":\"Our island communities must not be left behind\"}]},{\"@type\":\"WebSite\",\"@id\":\"https:\\\/\\\/www.socialdemocrats.ie\\\/#website\",\"url\":\"https:\\\/\\\/www.socialdemocrats.ie\\\/\",\"name\":\"Social Democrats\",\"description\":\"Change Ireland for the better\",\"publisher\":{\"@id\":\"https:\\\/\\\/www.socialdemocrats.ie\\\/#organization\"},\"potentialAction\":[{\"@type\":\"SearchAction\",\"target\":{\"@type\":\"EntryPoint\",\"urlTemplate\":\"https:\\\/\\\/www.socialdemocrats.ie\\\/?s={search_term_string}\"},\"query-input\":{\"@type\":\"PropertyValueSpecification\",\"valueRequired\":true,\"valueName\":\"search_term_string\"}}],\"inLanguage\":\"ga-IE\"},{\"@type\":\"Organization\",\"@id\":\"https:\\\/\\\/www.socialdemocrats.ie\\\/#organization\",\"name\":\"The Social Democrats\",\"url\":\"https:\\\/\\\/www.socialdemocrats.ie\\\/\",\"logo\":{\"@type\":\"ImageObject\",\"inLanguage\":\"ga-IE\",\"@id\":\"https:\\\/\\\/www.socialdemocrats.ie\\\/#\\\/schema\\\/logo\\\/image\\\/\",\"url\":\"https:\\\/\\\/www.socialdemocrats.ie\\\/wp-content\\\/uploads\\\/2023\\\/09\\\/SocDems-logo.png\",\"contentUrl\":\"https:\\\/\\\/www.socialdemocrats.ie\\\/wp-content\\\/uploads\\\/2023\\\/09\\\/SocDems-logo.png\",\"width\":846,\"height\":358,\"caption\":\"The Social Democrats\"},\"image\":{\"@id\":\"https:\\\/\\\/www.socialdemocrats.ie\\\/#\\\/schema\\\/logo\\\/image\\\/\"},\"sameAs\":[\"https:\\\/\\\/www.facebook.com\\\/socialdemocratsireland\",\"https:\\\/\\\/x.com\\\/SocDems\"]},{\"@type\":\"Person\",\"@id\":\"https:\\\/\\\/www.socialdemocrats.ie\\\/#\\\/schema\\\/person\\\/70fcd60661593532616f9f91a0fb8db7\",\"name\":\"Press Officer\",\"url\":\"https:\\\/\\\/www.socialdemocrats.ie\\\/ga\\\/author\\\/press\\\/\"}]}<\/script>\n<!-- \/ Yoast SEO plugin. -->","yoast_head_json":{"title":"Our island communities must not be left behind - Social Democrats","robots":{"index":"index","follow":"follow","max-snippet":"max-snippet:-1","max-image-preview":"max-image-preview:large","max-video-preview":"max-video-preview:-1"},"canonical":"https:\/\/www.socialdemocrats.ie\/our-island-communities-must-not-be-left-behind\/","og_locale":"ga_IE","og_type":"article","og_title":"Our island communities must not be left behind - Social Democrats","og_description":"Further Government investment in services and infrastructure is vital if we want our island communities to survive and thrive, according to Social Democrats Galway West by-election candidate M\u00edde Nic Fhionnlaoich. M\u00edde made her comments during a visit to the Aran Islands over the weekend. Speaking from Inis M\u00f3r, she said: \u201cIt\u2019s hard to match the [&hellip;]","og_url":"https:\/\/www.socialdemocrats.ie\/our-island-communities-must-not-be-left-behind\/","og_site_name":"Social Democrats","article_publisher":"https:\/\/www.facebook.com\/socialdemocratsireland","article_published_time":"2026-04-27T13:52:18+00:00","og_image":[{"width":1920,"height":1442,"url":"https:\/\/www.socialdemocrats.ie\/wp-content\/uploads\/2026\/04\/Mide-on-Inis-Mor.jpg","type":"image\/jpeg"}],"author":"Press Officer","twitter_card":"summary_large_image","twitter_creator":"@SocDems","twitter_site":"@SocDems","twitter_misc":{"Written by":"Press Officer","Est. reading time":"2 minutes"},"schema":{"@context":"https:\/\/schema.org","@graph":[{"@type":"Article","@id":"https:\/\/www.socialdemocrats.ie\/our-island-communities-must-not-be-left-behind\/#article","isPartOf":{"@id":"https:\/\/www.socialdemocrats.ie\/our-island-communities-must-not-be-left-behind\/"},"author":{"name":"Press Officer","@id":"https:\/\/www.socialdemocrats.ie\/#\/schema\/person\/70fcd60661593532616f9f91a0fb8db7"},"headline":"Our island communities must not be left behind","datePublished":"2026-04-27T13:52:18+00:00","mainEntityOfPage":{"@id":"https:\/\/www.socialdemocrats.ie\/our-island-communities-must-not-be-left-behind\/"},"wordCount":329,"publisher":{"@id":"https:\/\/www.socialdemocrats.ie\/#organization"},"image":{"@id":"https:\/\/www.socialdemocrats.ie\/our-island-communities-must-not-be-left-behind\/#primaryimage"},"thumbnailUrl":"https:\/\/www.socialdemocrats.ie\/wp-content\/uploads\/2026\/04\/Mide-on-Inis-Mor.jpg","articleSection":["Aran Islands","Galway","Galway West","M\u00edde Nic Fhionnlaoich","Unlisted"],"inLanguage":"ga-IE"},{"@type":"WebPage","@id":"https:\/\/www.socialdemocrats.ie\/our-island-communities-must-not-be-left-behind\/","url":"https:\/\/www.socialdemocrats.ie\/our-island-communities-must-not-be-left-behind\/","name":"Our island communities must not be left behind - Social Democrats","isPartOf":{"@id":"https:\/\/www.socialdemocrats.ie\/#website"},"primaryImageOfPage":{"@id":"https:\/\/www.socialdemocrats.ie\/our-island-communities-must-not-be-left-behind\/#primaryimage"},"image":{"@id":"https:\/\/www.socialdemocrats.ie\/our-island-communities-must-not-be-left-behind\/#primaryimage"},"thumbnailUrl":"https:\/\/www.socialdemocrats.ie\/wp-content\/uploads\/2026\/04\/Mide-on-Inis-Mor.jpg","datePublished":"2026-04-27T13:52:18+00:00","breadcrumb":{"@id":"https:\/\/www.socialdemocrats.ie\/our-island-communities-must-not-be-left-behind\/#breadcrumb"},"inLanguage":"ga-IE","potentialAction":[{"@type":"ReadAction","target":["https:\/\/www.socialdemocrats.ie\/our-island-communities-must-not-be-left-behind\/"]}]},{"@type":"ImageObject","inLanguage":"ga-IE","@id":"https:\/\/www.socialdemocrats.ie\/our-island-communities-must-not-be-left-behind\/#primaryimage","url":"https:\/\/www.socialdemocrats.ie\/wp-content\/uploads\/2026\/04\/Mide-on-Inis-Mor.jpg","contentUrl":"https:\/\/www.socialdemocrats.ie\/wp-content\/uploads\/2026\/04\/Mide-on-Inis-Mor.jpg","width":1920,"height":1442},{"@type":"BreadcrumbList","@id":"https:\/\/www.socialdemocrats.ie\/our-island-communities-must-not-be-left-behind\/#breadcrumb","itemListElement":[{"@type":"ListItem","position":1,"name":"Home","item":"https:\/\/www.socialdemocrats.ie\/"},{"@type":"ListItem","position":2,"name":"Our island communities must not be left behind"}]},{"@type":"WebSite","@id":"https:\/\/www.socialdemocrats.ie\/#website","url":"https:\/\/www.socialdemocrats.ie\/","name":"Social Democrats","description":"Change Ireland for the better","publisher":{"@id":"https:\/\/www.socialdemocrats.ie\/#organization"},"potentialAction":[{"@type":"SearchAction","target":{"@type":"EntryPoint","urlTemplate":"https:\/\/www.socialdemocrats.ie\/?s={search_term_string}"},"query-input":{"@type":"PropertyValueSpecification","valueRequired":true,"valueName":"search_term_string"}}],"inLanguage":"ga-IE"},{"@type":"Organization","@id":"https:\/\/www.socialdemocrats.ie\/#organization","name":"The Social Democrats","url":"https:\/\/www.socialdemocrats.ie\/","logo":{"@type":"ImageObject","inLanguage":"ga-IE","@id":"https:\/\/www.socialdemocrats.ie\/#\/schema\/logo\/image\/","url":"https:\/\/www.socialdemocrats.ie\/wp-content\/uploads\/2023\/09\/SocDems-logo.png","contentUrl":"https:\/\/www.socialdemocrats.ie\/wp-content\/uploads\/2023\/09\/SocDems-logo.png","width":846,"height":358,"caption":"The Social Democrats"},"image":{"@id":"https:\/\/www.socialdemocrats.ie\/#\/schema\/logo\/image\/"},"sameAs":["https:\/\/www.facebook.com\/socialdemocratsireland","https:\/\/x.com\/SocDems"]},{"@type":"Person","@id":"https:\/\/www.socialdemocrats.ie\/#\/schema\/person\/70fcd60661593532616f9f91a0fb8db7","name":"Press Officer","url":"https:\/\/www.socialdemocrats.ie\/ga\/author\/press\/"}]}},"_links":{"self":[{"href":"https:\/\/www.socialdemocrats.ie\/ga\/wp-json\/wp\/v2\/posts\/17481","targetHints":{"allow":["GET"]}}],"collection":[{"href":"https:\/\/www.socialdemocrats.ie\/ga\/wp-json\/wp\/v2\/posts"}],"about":[{"href":"https:\/\/www.socialdemocrats.ie\/ga\/wp-json\/wp\/v2\/types\/post"}],"author":[{"embeddable":true,"href":"https:\/\/www.socialdemocrats.ie\/ga\/wp-json\/wp\/v2\/users\/3"}],"replies":[{"embeddable":true,"href":"https:\/\/www.socialdemocrats.ie\/ga\/wp-json\/wp\/v2\/comments?post=17481"}],"version-history":[{"count":1,"href":"https:\/\/www.socialdemocrats.ie\/ga\/wp-json\/wp\/v2\/posts\/17481\/revisions"}],"predecessor-version":[{"id":17483,"href":"https:\/\/www.socialdemocrats.ie\/ga\/wp-json\/wp\/v2\/posts\/17481\/revisions\/17483"}],"wp:featuredmedia":[{"embeddable":true,"href":"https:\/\/www.socialdemocrats.ie\/ga\/wp-json\/wp\/v2\/media\/17482"}],"wp:attachment":[{"href":"https:\/\/www.socialdemocrats.ie\/ga\/wp-json\/wp\/v2\/media?parent=17481"}],"wp:term":[{"taxonomy":"category","embeddable":true,"href":"https:\/\/www.socialdemocrats.ie\/ga\/wp-json\/wp\/v2\/categories?post=17481"},{"taxonomy":"post_tag","embeddable":true,"href":"https:\/\/www.socialdemocrats.ie\/ga\/wp-json\/wp\/v2\/tags?post=17481"}],"curies":[{"name":"wp","href":"https:\/\/api.w.org\/{rel}","templated":true}]}}