{"id":17502,"date":"2026-04-28T11:52:50","date_gmt":"2026-04-28T10:52:50","guid":{"rendered":"https:\/\/www.socialdemocrats.ie\/?p=17502"},"modified":"2026-04-28T11:52:50","modified_gmt":"2026-04-28T10:52:50","slug":"nil-se-ceart-go-bhfagfai-pobail-oileanda-in-ait-na-leathphingine","status":"publish","type":"post","link":"https:\/\/www.socialdemocrats.ie\/ga\/nil-se-ceart-go-bhfagfai-pobail-oileanda-in-ait-na-leathphingine\/","title":{"rendered":"N\u00edl s\u00e9 ceart go bhf\u00e1gfa\u00ed pobail oile\u00e1nda in \u00e1it na leathphingine"},"content":{"rendered":"<p>N\u00ed m\u00f3r don Rialtas tuilleadh infheist\u00edochta a dh\u00e9anamh i seirbh\u00eds\u00ed agus i mbonneagar m\u00e1s mian linn go mairfidh na pobail oile\u00e1nda agus go n-\u00e9ireoidh leo, dar le hiarrth\u00f3ir na nDaonlathaithe S\u00f3isialta san fhothoghch\u00e1n i nGaillimh Thiar, M\u00edde Nic Fhionnlaoich.<\/p>\n<p>Bh\u00ed an m\u00e9id sin le r\u00e1 ag M\u00edde agus \u00ed ar cuairt ar Oile\u00e1in \u00c1rann ag an deireadh seachtaine. Ag labhairt di in \u00c1rainn, d\u00fairt s\u00ed:<\/p>\n<p>\u201cIs deacair \u00e1illeacht agus spiorad uath\u00fail na n-oile\u00e1n seo a sh\u00e1r\u00fa agus is cinnte go bhfuil siad ar cheann de na seoda is luachmhaire in \u00c9irinn \u00f3 thaobh turas\u00f3ireachta de. Tagann n\u00edos m\u00f3 n\u00e1 ceathr\u00fa milli\u00fain cuairteoir\u00ed anseo gach uile bhliain.<\/p>\n<p>\u201cDe dheasca an laghdaithe at\u00e1 tagtha ar ghn\u00edomha\u00edochta\u00ed traidisi\u00fanta amhail iascaireacht agus talmha\u00edocht, is ar an turas\u00f3ireacht a bhraitheann geilleagar na n-oile\u00e1n go pr\u00edomha anois, go m\u00f3r m\u00f3r in \u00c1rainn. C\u00e9 gur bealach iontach t\u00e1bhachtach \u00ed an turas\u00f3ireacht do mhuintir na n-oile\u00e1n a gcuid a shaothr\u00fa, t\u00e1 imn\u00ed ann freisin go bhf\u00e9adfadh aon laghd\u00fa ar l\u00edon na dturas\u00f3ir\u00ed de bharr \u00e9agobhsa\u00edocht dhomhanda a bheith tubaisteach \u00f3 thaobh airgid de, agus go bhfuil forbairt agus seirbh\u00eds\u00ed don phobal \u00e1iti\u00fail ag titim chun deiridh.<\/p>\n<p>\u201cT\u00e1 ceist mh\u00f3r ann i gc\u00f3na\u00ed faoi ch\u00f3ire\u00e1il fu\u00edolluisce ar na hoile\u00e1in, mar aon le teacht aniar an ch\u00f3rais fuinnimh anois agus drochaimsir ann n\u00edos minice de dheasca an athraithe aer\u00e1ide.<\/p>\n<p>&#8220;Mar gheall ar an easpa rial\u00e1la ar Airbnb agus ar dheacrachta\u00ed plean\u00e1la, t\u00e1 an ch\u00e9ad ghl\u00fain eile d&#8217;oile\u00e1naigh f\u00e1gtha gan \u00e1it le c\u00f3na\u00ed ann.<\/p>\n<p>&#8220;Ina theannta sin, t\u00e1 imn\u00ed mh\u00f3r ann faoin tionchar at\u00e1 ag cu\u00f3ta\u00ed \u00edsle iascaireachta ar shl\u00ed bheatha iascair\u00ed beaga, agus cuid mhaith acu ag streachailt anois sa tionscal.<\/p>\n<p>\u201cLe go mairfidh na pobail oile\u00e1nda seo agus go n-\u00e9ireoidh leo, t\u00e1 s\u00e9 t\u00e1bhachtach nach bhf\u00e1gfa\u00ed iascair\u00ed ar an tr\u00e1 fholamh.<\/p>\n<p>&#8220;Le cabhr\u00fa leis na pobail oile\u00e1nda \u00e9ags\u00fal\u00fa a dh\u00e9anamh, n\u00ed m\u00f3r don Rialtas tac\u00fa le gn\u00f3lachta\u00ed nua, a chinnti\u00fa go bhfuil bonneagar l\u00e1idir fuinnimh ar f\u00e1il agus ceart ioml\u00e1n a thabhairt isteach le bheith ag obair \u00f3n mbaile.<\/p>\n<p>\u201cT\u00e1 m\u00e9 an-bhu\u00edoch as an bhf\u00e1ilte mh\u00f3r a chuir muintir \u00c1rann romham agus bh\u00ed s\u00e9 an-suimi\u00fail cloiste\u00e1il go d\u00edreach \u00f3 na daoine f\u00e9in faoi chuid de na d\u00fashl\u00e1in at\u00e1 le s\u00e1r\u00fa acu.\u201d<\/p>\n<p><em>28 Aibre\u00e1n 2026<\/em><\/p>\n","protected":false},"excerpt":{"rendered":"<p>N\u00ed m\u00f3r don Rialtas tuilleadh infheist\u00edochta a dh\u00e9anamh i seirbh\u00eds\u00ed agus i mbonneagar m\u00e1s mian linn go mairfidh na pobail oile\u00e1nda agus go n-\u00e9ireoidh leo, dar le hiarrth\u00f3ir na nDaonlathaithe S\u00f3isialta san fhothoghch\u00e1n i nGaillimh Thiar, M\u00edde Nic Fhionnlaoich. Bh\u00ed an m\u00e9id sin le r\u00e1 ag M\u00edde agus \u00ed ar cuairt ar Oile\u00e1in \u00c1rann ag [&hellip;]<\/p>\n","protected":false},"author":3,"featured_media":17482,"comment_status":"closed","ping_status":"closed","sticky":false,"template":"","format":"standard","meta":{"_acf_changed":false,"footnotes":""},"categories":[12,806,802,803,479],"tags":[],"class_list":["post-17502","post","type-post","status-publish","format-standard","has-post-thumbnail","hentry","category-galway","category-galway-west","category-galway-west-by-election","category-mide-nic-fhionnlaoich","category-unlisted"],"acf":[],"yoast_head":"<!-- This site is optimized with the Yoast SEO plugin v27.3 - https:\/\/yoast.com\/product\/yoast-seo-wordpress\/ -->\n<title>N\u00edl s\u00e9 ceart go bhf\u00e1gfa\u00ed pobail oile\u00e1nda in \u00e1it na leathphingine - Social Democrats<\/title>\n<meta name=\"robots\" content=\"index, follow, max-snippet:-1, max-image-preview:large, max-video-preview:-1\" \/>\n<link rel=\"canonical\" href=\"https:\/\/www.socialdemocrats.ie\/nil-se-ceart-go-bhfagfai-pobail-oileanda-in-ait-na-leathphingine\/\" \/>\n<meta property=\"og:locale\" content=\"ga_IE\" \/>\n<meta property=\"og:type\" content=\"article\" \/>\n<meta property=\"og:title\" content=\"N\u00edl s\u00e9 ceart go bhf\u00e1gfa\u00ed pobail oile\u00e1nda in \u00e1it na leathphingine - Social Democrats\" \/>\n<meta property=\"og:description\" content=\"N\u00ed m\u00f3r don Rialtas tuilleadh infheist\u00edochta a dh\u00e9anamh i seirbh\u00eds\u00ed agus i mbonneagar m\u00e1s mian linn go mairfidh na pobail oile\u00e1nda agus go n-\u00e9ireoidh leo, dar le hiarrth\u00f3ir na nDaonlathaithe S\u00f3isialta san fhothoghch\u00e1n i nGaillimh Thiar, M\u00edde Nic Fhionnlaoich. Bh\u00ed an m\u00e9id sin le r\u00e1 ag M\u00edde agus \u00ed ar cuairt ar Oile\u00e1in \u00c1rann ag [&hellip;]\" \/>\n<meta property=\"og:url\" content=\"https:\/\/www.socialdemocrats.ie\/nil-se-ceart-go-bhfagfai-pobail-oileanda-in-ait-na-leathphingine\/\" \/>\n<meta property=\"og:site_name\" content=\"Social Democrats\" \/>\n<meta property=\"article:publisher\" content=\"https:\/\/www.facebook.com\/socialdemocratsireland\" \/>\n<meta property=\"article:published_time\" content=\"2026-04-28T10:52:50+00:00\" \/>\n<meta property=\"og:image\" content=\"https:\/\/www.socialdemocrats.ie\/wp-content\/uploads\/2026\/04\/Mide-on-Inis-Mor.jpg\" \/>\n\t<meta property=\"og:image:width\" content=\"1920\" \/>\n\t<meta property=\"og:image:height\" content=\"1442\" \/>\n\t<meta property=\"og:image:type\" content=\"image\/jpeg\" \/>\n<meta name=\"author\" content=\"Press Officer\" \/>\n<meta name=\"twitter:card\" content=\"summary_large_image\" \/>\n<meta name=\"twitter:creator\" content=\"@SocDems\" \/>\n<meta name=\"twitter:site\" content=\"@SocDems\" \/>\n<meta name=\"twitter:label1\" content=\"Written by\" \/>\n\t<meta name=\"twitter:data1\" content=\"Press Officer\" \/>\n\t<meta name=\"twitter:label2\" content=\"Est. reading time\" \/>\n\t<meta name=\"twitter:data2\" content=\"2 minutes\" \/>\n<script type=\"application\/ld+json\" class=\"yoast-schema-graph\">{\"@context\":\"https:\\\/\\\/schema.org\",\"@graph\":[{\"@type\":\"Article\",\"@id\":\"https:\\\/\\\/www.socialdemocrats.ie\\\/nil-se-ceart-go-bhfagfai-pobail-oileanda-in-ait-na-leathphingine\\\/#article\",\"isPartOf\":{\"@id\":\"https:\\\/\\\/www.socialdemocrats.ie\\\/nil-se-ceart-go-bhfagfai-pobail-oileanda-in-ait-na-leathphingine\\\/\"},\"author\":{\"name\":\"Press Officer\",\"@id\":\"https:\\\/\\\/www.socialdemocrats.ie\\\/#\\\/schema\\\/person\\\/70fcd60661593532616f9f91a0fb8db7\"},\"headline\":\"N\u00edl s\u00e9 ceart go bhf\u00e1gfa\u00ed pobail oile\u00e1nda in \u00e1it na leathphingine\",\"datePublished\":\"2026-04-28T10:52:50+00:00\",\"mainEntityOfPage\":{\"@id\":\"https:\\\/\\\/www.socialdemocrats.ie\\\/nil-se-ceart-go-bhfagfai-pobail-oileanda-in-ait-na-leathphingine\\\/\"},\"wordCount\":453,\"publisher\":{\"@id\":\"https:\\\/\\\/www.socialdemocrats.ie\\\/#organization\"},\"image\":{\"@id\":\"https:\\\/\\\/www.socialdemocrats.ie\\\/nil-se-ceart-go-bhfagfai-pobail-oileanda-in-ait-na-leathphingine\\\/#primaryimage\"},\"thumbnailUrl\":\"https:\\\/\\\/www.socialdemocrats.ie\\\/wp-content\\\/uploads\\\/2026\\\/04\\\/Mide-on-Inis-Mor.jpg\",\"articleSection\":[\"Galway\",\"Galway West\",\"Galway West by-election\",\"M\u00edde Nic Fhionnlaoich\",\"Unlisted\"],\"inLanguage\":\"ga-IE\"},{\"@type\":\"WebPage\",\"@id\":\"https:\\\/\\\/www.socialdemocrats.ie\\\/nil-se-ceart-go-bhfagfai-pobail-oileanda-in-ait-na-leathphingine\\\/\",\"url\":\"https:\\\/\\\/www.socialdemocrats.ie\\\/nil-se-ceart-go-bhfagfai-pobail-oileanda-in-ait-na-leathphingine\\\/\",\"name\":\"N\u00edl s\u00e9 ceart go bhf\u00e1gfa\u00ed pobail oile\u00e1nda in \u00e1it na leathphingine - Social Democrats\",\"isPartOf\":{\"@id\":\"https:\\\/\\\/www.socialdemocrats.ie\\\/#website\"},\"primaryImageOfPage\":{\"@id\":\"https:\\\/\\\/www.socialdemocrats.ie\\\/nil-se-ceart-go-bhfagfai-pobail-oileanda-in-ait-na-leathphingine\\\/#primaryimage\"},\"image\":{\"@id\":\"https:\\\/\\\/www.socialdemocrats.ie\\\/nil-se-ceart-go-bhfagfai-pobail-oileanda-in-ait-na-leathphingine\\\/#primaryimage\"},\"thumbnailUrl\":\"https:\\\/\\\/www.socialdemocrats.ie\\\/wp-content\\\/uploads\\\/2026\\\/04\\\/Mide-on-Inis-Mor.jpg\",\"datePublished\":\"2026-04-28T10:52:50+00:00\",\"breadcrumb\":{\"@id\":\"https:\\\/\\\/www.socialdemocrats.ie\\\/nil-se-ceart-go-bhfagfai-pobail-oileanda-in-ait-na-leathphingine\\\/#breadcrumb\"},\"inLanguage\":\"ga-IE\",\"potentialAction\":[{\"@type\":\"ReadAction\",\"target\":[\"https:\\\/\\\/www.socialdemocrats.ie\\\/nil-se-ceart-go-bhfagfai-pobail-oileanda-in-ait-na-leathphingine\\\/\"]}]},{\"@type\":\"ImageObject\",\"inLanguage\":\"ga-IE\",\"@id\":\"https:\\\/\\\/www.socialdemocrats.ie\\\/nil-se-ceart-go-bhfagfai-pobail-oileanda-in-ait-na-leathphingine\\\/#primaryimage\",\"url\":\"https:\\\/\\\/www.socialdemocrats.ie\\\/wp-content\\\/uploads\\\/2026\\\/04\\\/Mide-on-Inis-Mor.jpg\",\"contentUrl\":\"https:\\\/\\\/www.socialdemocrats.ie\\\/wp-content\\\/uploads\\\/2026\\\/04\\\/Mide-on-Inis-Mor.jpg\",\"width\":1920,\"height\":1442},{\"@type\":\"BreadcrumbList\",\"@id\":\"https:\\\/\\\/www.socialdemocrats.ie\\\/nil-se-ceart-go-bhfagfai-pobail-oileanda-in-ait-na-leathphingine\\\/#breadcrumb\",\"itemListElement\":[{\"@type\":\"ListItem\",\"position\":1,\"name\":\"Home\",\"item\":\"https:\\\/\\\/www.socialdemocrats.ie\\\/\"},{\"@type\":\"ListItem\",\"position\":2,\"name\":\"N\u00edl s\u00e9 ceart go bhf\u00e1gfa\u00ed pobail oile\u00e1nda in \u00e1it na leathphingine\"}]},{\"@type\":\"WebSite\",\"@id\":\"https:\\\/\\\/www.socialdemocrats.ie\\\/#website\",\"url\":\"https:\\\/\\\/www.socialdemocrats.ie\\\/\",\"name\":\"Social Democrats\",\"description\":\"Change Ireland for the better\",\"publisher\":{\"@id\":\"https:\\\/\\\/www.socialdemocrats.ie\\\/#organization\"},\"potentialAction\":[{\"@type\":\"SearchAction\",\"target\":{\"@type\":\"EntryPoint\",\"urlTemplate\":\"https:\\\/\\\/www.socialdemocrats.ie\\\/?s={search_term_string}\"},\"query-input\":{\"@type\":\"PropertyValueSpecification\",\"valueRequired\":true,\"valueName\":\"search_term_string\"}}],\"inLanguage\":\"ga-IE\"},{\"@type\":\"Organization\",\"@id\":\"https:\\\/\\\/www.socialdemocrats.ie\\\/#organization\",\"name\":\"The Social Democrats\",\"url\":\"https:\\\/\\\/www.socialdemocrats.ie\\\/\",\"logo\":{\"@type\":\"ImageObject\",\"inLanguage\":\"ga-IE\",\"@id\":\"https:\\\/\\\/www.socialdemocrats.ie\\\/#\\\/schema\\\/logo\\\/image\\\/\",\"url\":\"https:\\\/\\\/www.socialdemocrats.ie\\\/wp-content\\\/uploads\\\/2023\\\/09\\\/SocDems-logo.png\",\"contentUrl\":\"https:\\\/\\\/www.socialdemocrats.ie\\\/wp-content\\\/uploads\\\/2023\\\/09\\\/SocDems-logo.png\",\"width\":846,\"height\":358,\"caption\":\"The Social Democrats\"},\"image\":{\"@id\":\"https:\\\/\\\/www.socialdemocrats.ie\\\/#\\\/schema\\\/logo\\\/image\\\/\"},\"sameAs\":[\"https:\\\/\\\/www.facebook.com\\\/socialdemocratsireland\",\"https:\\\/\\\/x.com\\\/SocDems\"]},{\"@type\":\"Person\",\"@id\":\"https:\\\/\\\/www.socialdemocrats.ie\\\/#\\\/schema\\\/person\\\/70fcd60661593532616f9f91a0fb8db7\",\"name\":\"Press Officer\",\"url\":\"https:\\\/\\\/www.socialdemocrats.ie\\\/ga\\\/author\\\/press\\\/\"}]}<\/script>\n<!-- \/ Yoast SEO plugin. -->","yoast_head_json":{"title":"N\u00edl s\u00e9 ceart go bhf\u00e1gfa\u00ed pobail oile\u00e1nda in \u00e1it na leathphingine - Social Democrats","robots":{"index":"index","follow":"follow","max-snippet":"max-snippet:-1","max-image-preview":"max-image-preview:large","max-video-preview":"max-video-preview:-1"},"canonical":"https:\/\/www.socialdemocrats.ie\/nil-se-ceart-go-bhfagfai-pobail-oileanda-in-ait-na-leathphingine\/","og_locale":"ga_IE","og_type":"article","og_title":"N\u00edl s\u00e9 ceart go bhf\u00e1gfa\u00ed pobail oile\u00e1nda in \u00e1it na leathphingine - Social Democrats","og_description":"N\u00ed m\u00f3r don Rialtas tuilleadh infheist\u00edochta a dh\u00e9anamh i seirbh\u00eds\u00ed agus i mbonneagar m\u00e1s mian linn go mairfidh na pobail oile\u00e1nda agus go n-\u00e9ireoidh leo, dar le hiarrth\u00f3ir na nDaonlathaithe S\u00f3isialta san fhothoghch\u00e1n i nGaillimh Thiar, M\u00edde Nic Fhionnlaoich. Bh\u00ed an m\u00e9id sin le r\u00e1 ag M\u00edde agus \u00ed ar cuairt ar Oile\u00e1in \u00c1rann ag [&hellip;]","og_url":"https:\/\/www.socialdemocrats.ie\/nil-se-ceart-go-bhfagfai-pobail-oileanda-in-ait-na-leathphingine\/","og_site_name":"Social Democrats","article_publisher":"https:\/\/www.facebook.com\/socialdemocratsireland","article_published_time":"2026-04-28T10:52:50+00:00","og_image":[{"width":1920,"height":1442,"url":"https:\/\/www.socialdemocrats.ie\/wp-content\/uploads\/2026\/04\/Mide-on-Inis-Mor.jpg","type":"image\/jpeg"}],"author":"Press Officer","twitter_card":"summary_large_image","twitter_creator":"@SocDems","twitter_site":"@SocDems","twitter_misc":{"Written by":"Press Officer","Est. reading time":"2 minutes"},"schema":{"@context":"https:\/\/schema.org","@graph":[{"@type":"Article","@id":"https:\/\/www.socialdemocrats.ie\/nil-se-ceart-go-bhfagfai-pobail-oileanda-in-ait-na-leathphingine\/#article","isPartOf":{"@id":"https:\/\/www.socialdemocrats.ie\/nil-se-ceart-go-bhfagfai-pobail-oileanda-in-ait-na-leathphingine\/"},"author":{"name":"Press Officer","@id":"https:\/\/www.socialdemocrats.ie\/#\/schema\/person\/70fcd60661593532616f9f91a0fb8db7"},"headline":"N\u00edl s\u00e9 ceart go bhf\u00e1gfa\u00ed pobail oile\u00e1nda in \u00e1it na leathphingine","datePublished":"2026-04-28T10:52:50+00:00","mainEntityOfPage":{"@id":"https:\/\/www.socialdemocrats.ie\/nil-se-ceart-go-bhfagfai-pobail-oileanda-in-ait-na-leathphingine\/"},"wordCount":453,"publisher":{"@id":"https:\/\/www.socialdemocrats.ie\/#organization"},"image":{"@id":"https:\/\/www.socialdemocrats.ie\/nil-se-ceart-go-bhfagfai-pobail-oileanda-in-ait-na-leathphingine\/#primaryimage"},"thumbnailUrl":"https:\/\/www.socialdemocrats.ie\/wp-content\/uploads\/2026\/04\/Mide-on-Inis-Mor.jpg","articleSection":["Galway","Galway West","Galway West by-election","M\u00edde Nic Fhionnlaoich","Unlisted"],"inLanguage":"ga-IE"},{"@type":"WebPage","@id":"https:\/\/www.socialdemocrats.ie\/nil-se-ceart-go-bhfagfai-pobail-oileanda-in-ait-na-leathphingine\/","url":"https:\/\/www.socialdemocrats.ie\/nil-se-ceart-go-bhfagfai-pobail-oileanda-in-ait-na-leathphingine\/","name":"N\u00edl s\u00e9 ceart go bhf\u00e1gfa\u00ed pobail oile\u00e1nda in \u00e1it na leathphingine - Social Democrats","isPartOf":{"@id":"https:\/\/www.socialdemocrats.ie\/#website"},"primaryImageOfPage":{"@id":"https:\/\/www.socialdemocrats.ie\/nil-se-ceart-go-bhfagfai-pobail-oileanda-in-ait-na-leathphingine\/#primaryimage"},"image":{"@id":"https:\/\/www.socialdemocrats.ie\/nil-se-ceart-go-bhfagfai-pobail-oileanda-in-ait-na-leathphingine\/#primaryimage"},"thumbnailUrl":"https:\/\/www.socialdemocrats.ie\/wp-content\/uploads\/2026\/04\/Mide-on-Inis-Mor.jpg","datePublished":"2026-04-28T10:52:50+00:00","breadcrumb":{"@id":"https:\/\/www.socialdemocrats.ie\/nil-se-ceart-go-bhfagfai-pobail-oileanda-in-ait-na-leathphingine\/#breadcrumb"},"inLanguage":"ga-IE","potentialAction":[{"@type":"ReadAction","target":["https:\/\/www.socialdemocrats.ie\/nil-se-ceart-go-bhfagfai-pobail-oileanda-in-ait-na-leathphingine\/"]}]},{"@type":"ImageObject","inLanguage":"ga-IE","@id":"https:\/\/www.socialdemocrats.ie\/nil-se-ceart-go-bhfagfai-pobail-oileanda-in-ait-na-leathphingine\/#primaryimage","url":"https:\/\/www.socialdemocrats.ie\/wp-content\/uploads\/2026\/04\/Mide-on-Inis-Mor.jpg","contentUrl":"https:\/\/www.socialdemocrats.ie\/wp-content\/uploads\/2026\/04\/Mide-on-Inis-Mor.jpg","width":1920,"height":1442},{"@type":"BreadcrumbList","@id":"https:\/\/www.socialdemocrats.ie\/nil-se-ceart-go-bhfagfai-pobail-oileanda-in-ait-na-leathphingine\/#breadcrumb","itemListElement":[{"@type":"ListItem","position":1,"name":"Home","item":"https:\/\/www.socialdemocrats.ie\/"},{"@type":"ListItem","position":2,"name":"N\u00edl s\u00e9 ceart go bhf\u00e1gfa\u00ed pobail oile\u00e1nda in \u00e1it na leathphingine"}]},{"@type":"WebSite","@id":"https:\/\/www.socialdemocrats.ie\/#website","url":"https:\/\/www.socialdemocrats.ie\/","name":"Social Democrats","description":"Change Ireland for the better","publisher":{"@id":"https:\/\/www.socialdemocrats.ie\/#organization"},"potentialAction":[{"@type":"SearchAction","target":{"@type":"EntryPoint","urlTemplate":"https:\/\/www.socialdemocrats.ie\/?s={search_term_string}"},"query-input":{"@type":"PropertyValueSpecification","valueRequired":true,"valueName":"search_term_string"}}],"inLanguage":"ga-IE"},{"@type":"Organization","@id":"https:\/\/www.socialdemocrats.ie\/#organization","name":"The Social Democrats","url":"https:\/\/www.socialdemocrats.ie\/","logo":{"@type":"ImageObject","inLanguage":"ga-IE","@id":"https:\/\/www.socialdemocrats.ie\/#\/schema\/logo\/image\/","url":"https:\/\/www.socialdemocrats.ie\/wp-content\/uploads\/2023\/09\/SocDems-logo.png","contentUrl":"https:\/\/www.socialdemocrats.ie\/wp-content\/uploads\/2023\/09\/SocDems-logo.png","width":846,"height":358,"caption":"The Social Democrats"},"image":{"@id":"https:\/\/www.socialdemocrats.ie\/#\/schema\/logo\/image\/"},"sameAs":["https:\/\/www.facebook.com\/socialdemocratsireland","https:\/\/x.com\/SocDems"]},{"@type":"Person","@id":"https:\/\/www.socialdemocrats.ie\/#\/schema\/person\/70fcd60661593532616f9f91a0fb8db7","name":"Press Officer","url":"https:\/\/www.socialdemocrats.ie\/ga\/author\/press\/"}]}},"_links":{"self":[{"href":"https:\/\/www.socialdemocrats.ie\/ga\/wp-json\/wp\/v2\/posts\/17502","targetHints":{"allow":["GET"]}}],"collection":[{"href":"https:\/\/www.socialdemocrats.ie\/ga\/wp-json\/wp\/v2\/posts"}],"about":[{"href":"https:\/\/www.socialdemocrats.ie\/ga\/wp-json\/wp\/v2\/types\/post"}],"author":[{"embeddable":true,"href":"https:\/\/www.socialdemocrats.ie\/ga\/wp-json\/wp\/v2\/users\/3"}],"replies":[{"embeddable":true,"href":"https:\/\/www.socialdemocrats.ie\/ga\/wp-json\/wp\/v2\/comments?post=17502"}],"version-history":[{"count":1,"href":"https:\/\/www.socialdemocrats.ie\/ga\/wp-json\/wp\/v2\/posts\/17502\/revisions"}],"predecessor-version":[{"id":17503,"href":"https:\/\/www.socialdemocrats.ie\/ga\/wp-json\/wp\/v2\/posts\/17502\/revisions\/17503"}],"wp:featuredmedia":[{"embeddable":true,"href":"https:\/\/www.socialdemocrats.ie\/ga\/wp-json\/wp\/v2\/media\/17482"}],"wp:attachment":[{"href":"https:\/\/www.socialdemocrats.ie\/ga\/wp-json\/wp\/v2\/media?parent=17502"}],"wp:term":[{"taxonomy":"category","embeddable":true,"href":"https:\/\/www.socialdemocrats.ie\/ga\/wp-json\/wp\/v2\/categories?post=17502"},{"taxonomy":"post_tag","embeddable":true,"href":"https:\/\/www.socialdemocrats.ie\/ga\/wp-json\/wp\/v2\/tags?post=17502"}],"curies":[{"name":"wp","href":"https:\/\/api.w.org\/{rel}","templated":true}]}}