{"id":2039,"date":"2023-02-23T12:26:49","date_gmt":"2023-02-23T12:26:49","guid":{"rendered":"https:\/\/www.socialdemocrats.ie\/statement-from-roisin-shortall-and-catherine-murphy\/"},"modified":"2023-02-23T12:26:49","modified_gmt":"2023-02-23T12:26:49","slug":"statement-from-roisin-shortall-and-catherine-murphy","status":"publish","type":"post","link":"https:\/\/www.socialdemocrats.ie\/ga\/statement-from-roisin-shortall-and-catherine-murphy\/","title":{"rendered":"Statement from R\u00f3is\u00edn Shortall and Catherine Murphy"},"content":{"rendered":"<p>R\u00f3is\u00edn Shortall and Catherine Murphy have issued a joint statement following yesterday\u2019s announcement that they are to step aside as co-leaders of the Social Democrats.<\/p>\n<p>The party\u2019s National Executive will meet this evening (Thursday, February 23) to make arrangements for the election of a new leader.<\/p>\n<p>Both Catherine and R\u00f3is\u00edn fully intend to remain active in politics and are looking forward to continuing to build the party under its new leadership.<\/p>\n<p>Catherine said:<\/p>\n<p>\u201cWhen we decided to set up the Social Democrats in 2015, it was our belief that huge numbers of people were becoming increasingly disillusioned with politics. We wanted to set up a party for a new era \u2013 one that was not defined by old loyalties, old politics, old policies, cosy business connections or jobs for the boys.<\/p>\n<p>\u201cToday, with six TDs and 20 councillors around the country, the party has become a significant presence in Irish politics. We could not have achieved such impressive growth in a relatively short space of time without the hard work, dedication and loyalty of our members and supporters.<\/p>\n<p>\u201cAs we stand aside as co-leaders, we do so safe in the knowledge that the party will continue to thrive and grow under our successor.\u201d<\/p>\n<p>R\u00f3is\u00edn said:<\/p>\n<p>\u201cHaving led the party for nearly eight years, we feel that now is the right time to hand over the leadership reins to the next generation of Social Democrats.<\/p>\n<p>\u201cIt has been a huge privilege for us to lead a political party that has grown from scratch to the cohesive and expansive one that exists today.<\/p>\n<p>\u201cWe want to assure our valued members and supporters that we will both be remaining in politics \u2013 and will continue to advocate and campaign on those key social democratic issues for which the party stands.<\/p>\n<p>\u201cWe will, of course, be fully supporting our new leader \u2013 or leaders \u2013 in their work when they are appointed.<\/p>\n<p>\u201cWe believe that the change in leadership heralds a new stage of development for the Social Democrats \u2013 and we are really excited about that. As we continue to grow the party, we look forward to sharing the next part of the journey with you.\u201d<\/p>\n<p><em>February 23, 2023<\/em><\/p>\n","protected":false},"excerpt":{"rendered":"<p>R\u00f3is\u00edn Shortall and Catherine Murphy have issued a joint statement following yesterday\u2019s announcement that they are to step aside as co-leaders of the Social Democrats. The party\u2019s National Executive will meet this evening (Thursday, February 23) to make arrangements for the election of a new leader. Both Catherine and R\u00f3is\u00edn fully intend to remain active [&hellip;]<\/p>\n","protected":false},"author":2,"featured_media":2040,"comment_status":"open","ping_status":"open","sticky":false,"template":"","format":"standard","meta":{"_acf_changed":false,"footnotes":""},"categories":[182,7,264],"tags":[],"class_list":["post-2039","post","type-post","status-publish","format-standard","has-post-thumbnail","hentry","category-catherine-murphy","category-press-release","category-roisin-shortall"],"acf":[],"yoast_head":"<!-- This site is optimized with the Yoast SEO plugin v27.3 - https:\/\/yoast.com\/product\/yoast-seo-wordpress\/ -->\n<title>Statement from R\u00f3is\u00edn Shortall and Catherine Murphy - Social Democrats<\/title>\n<meta name=\"robots\" content=\"index, follow, max-snippet:-1, max-image-preview:large, max-video-preview:-1\" \/>\n<link rel=\"canonical\" href=\"https:\/\/www.socialdemocrats.ie\/statement-from-roisin-shortall-and-catherine-murphy\/\" \/>\n<meta property=\"og:locale\" content=\"ga_IE\" \/>\n<meta property=\"og:type\" content=\"article\" \/>\n<meta property=\"og:title\" content=\"Statement from R\u00f3is\u00edn Shortall and Catherine Murphy - Social Democrats\" \/>\n<meta property=\"og:description\" content=\"R\u00f3is\u00edn Shortall and Catherine Murphy have issued a joint statement following yesterday\u2019s announcement that they are to step aside as co-leaders of the Social Democrats. The party\u2019s National Executive will meet this evening (Thursday, February 23) to make arrangements for the election of a new leader. Both Catherine and R\u00f3is\u00edn fully intend to remain active [&hellip;]\" \/>\n<meta property=\"og:url\" content=\"https:\/\/www.socialdemocrats.ie\/statement-from-roisin-shortall-and-catherine-murphy\/\" \/>\n<meta property=\"og:site_name\" content=\"Social Democrats\" \/>\n<meta property=\"article:publisher\" content=\"https:\/\/www.facebook.com\/socialdemocratsireland\" \/>\n<meta property=\"article:published_time\" content=\"2023-02-23T12:26:49+00:00\" \/>\n<meta property=\"og:image\" content=\"https:\/\/www.socialdemocrats.ie\/wp-content\/uploads\/2023\/09\/WhatsApp-Image-2023-02-22-at-16.37.01-1.jpeg\" \/>\n\t<meta property=\"og:image:width\" content=\"1600\" \/>\n\t<meta property=\"og:image:height\" content=\"900\" \/>\n\t<meta property=\"og:image:type\" content=\"image\/jpeg\" \/>\n<meta name=\"author\" content=\"ZOO Admin\" \/>\n<meta name=\"twitter:card\" content=\"summary_large_image\" \/>\n<meta name=\"twitter:creator\" content=\"@SocDems\" \/>\n<meta name=\"twitter:site\" content=\"@SocDems\" \/>\n<meta name=\"twitter:label1\" content=\"Written by\" \/>\n\t<meta name=\"twitter:data1\" content=\"ZOO Admin\" \/>\n\t<meta name=\"twitter:label2\" content=\"Est. reading time\" \/>\n\t<meta name=\"twitter:data2\" content=\"2 minutes\" \/>\n<script type=\"application\/ld+json\" class=\"yoast-schema-graph\">{\"@context\":\"https:\\\/\\\/schema.org\",\"@graph\":[{\"@type\":\"Article\",\"@id\":\"https:\\\/\\\/www.socialdemocrats.ie\\\/statement-from-roisin-shortall-and-catherine-murphy\\\/#article\",\"isPartOf\":{\"@id\":\"https:\\\/\\\/www.socialdemocrats.ie\\\/statement-from-roisin-shortall-and-catherine-murphy\\\/\"},\"author\":{\"name\":\"ZOO Admin\",\"@id\":\"https:\\\/\\\/www.socialdemocrats.ie\\\/#\\\/schema\\\/person\\\/4aa25e1b0ecfe5e51a2ceab9a9006960\"},\"headline\":\"Statement from R\u00f3is\u00edn Shortall and Catherine Murphy\",\"datePublished\":\"2023-02-23T12:26:49+00:00\",\"mainEntityOfPage\":{\"@id\":\"https:\\\/\\\/www.socialdemocrats.ie\\\/statement-from-roisin-shortall-and-catherine-murphy\\\/\"},\"wordCount\":373,\"commentCount\":0,\"publisher\":{\"@id\":\"https:\\\/\\\/www.socialdemocrats.ie\\\/#organization\"},\"image\":{\"@id\":\"https:\\\/\\\/www.socialdemocrats.ie\\\/statement-from-roisin-shortall-and-catherine-murphy\\\/#primaryimage\"},\"thumbnailUrl\":\"https:\\\/\\\/www.socialdemocrats.ie\\\/wp-content\\\/uploads\\\/2023\\\/09\\\/WhatsApp-Image-2023-02-22-at-16.37.01-1.jpeg\",\"articleSection\":[\"Catherine Murphy\",\"Press Release\",\"R\u00f3is\u00edn Shortall\"],\"inLanguage\":\"ga-IE\"},{\"@type\":\"WebPage\",\"@id\":\"https:\\\/\\\/www.socialdemocrats.ie\\\/statement-from-roisin-shortall-and-catherine-murphy\\\/\",\"url\":\"https:\\\/\\\/www.socialdemocrats.ie\\\/statement-from-roisin-shortall-and-catherine-murphy\\\/\",\"name\":\"Statement from R\u00f3is\u00edn Shortall and Catherine Murphy - Social Democrats\",\"isPartOf\":{\"@id\":\"https:\\\/\\\/www.socialdemocrats.ie\\\/#website\"},\"primaryImageOfPage\":{\"@id\":\"https:\\\/\\\/www.socialdemocrats.ie\\\/statement-from-roisin-shortall-and-catherine-murphy\\\/#primaryimage\"},\"image\":{\"@id\":\"https:\\\/\\\/www.socialdemocrats.ie\\\/statement-from-roisin-shortall-and-catherine-murphy\\\/#primaryimage\"},\"thumbnailUrl\":\"https:\\\/\\\/www.socialdemocrats.ie\\\/wp-content\\\/uploads\\\/2023\\\/09\\\/WhatsApp-Image-2023-02-22-at-16.37.01-1.jpeg\",\"datePublished\":\"2023-02-23T12:26:49+00:00\",\"breadcrumb\":{\"@id\":\"https:\\\/\\\/www.socialdemocrats.ie\\\/statement-from-roisin-shortall-and-catherine-murphy\\\/#breadcrumb\"},\"inLanguage\":\"ga-IE\",\"potentialAction\":[{\"@type\":\"ReadAction\",\"target\":[\"https:\\\/\\\/www.socialdemocrats.ie\\\/statement-from-roisin-shortall-and-catherine-murphy\\\/\"]}]},{\"@type\":\"ImageObject\",\"inLanguage\":\"ga-IE\",\"@id\":\"https:\\\/\\\/www.socialdemocrats.ie\\\/statement-from-roisin-shortall-and-catherine-murphy\\\/#primaryimage\",\"url\":\"https:\\\/\\\/www.socialdemocrats.ie\\\/wp-content\\\/uploads\\\/2023\\\/09\\\/WhatsApp-Image-2023-02-22-at-16.37.01-1.jpeg\",\"contentUrl\":\"https:\\\/\\\/www.socialdemocrats.ie\\\/wp-content\\\/uploads\\\/2023\\\/09\\\/WhatsApp-Image-2023-02-22-at-16.37.01-1.jpeg\",\"width\":1600,\"height\":900},{\"@type\":\"BreadcrumbList\",\"@id\":\"https:\\\/\\\/www.socialdemocrats.ie\\\/statement-from-roisin-shortall-and-catherine-murphy\\\/#breadcrumb\",\"itemListElement\":[{\"@type\":\"ListItem\",\"position\":1,\"name\":\"Home\",\"item\":\"https:\\\/\\\/www.socialdemocrats.ie\\\/\"},{\"@type\":\"ListItem\",\"position\":2,\"name\":\"Statement from R\u00f3is\u00edn Shortall and Catherine Murphy\"}]},{\"@type\":\"WebSite\",\"@id\":\"https:\\\/\\\/www.socialdemocrats.ie\\\/#website\",\"url\":\"https:\\\/\\\/www.socialdemocrats.ie\\\/\",\"name\":\"Social Democrats\",\"description\":\"Change Ireland for the better\",\"publisher\":{\"@id\":\"https:\\\/\\\/www.socialdemocrats.ie\\\/#organization\"},\"potentialAction\":[{\"@type\":\"SearchAction\",\"target\":{\"@type\":\"EntryPoint\",\"urlTemplate\":\"https:\\\/\\\/www.socialdemocrats.ie\\\/?s={search_term_string}\"},\"query-input\":{\"@type\":\"PropertyValueSpecification\",\"valueRequired\":true,\"valueName\":\"search_term_string\"}}],\"inLanguage\":\"ga-IE\"},{\"@type\":\"Organization\",\"@id\":\"https:\\\/\\\/www.socialdemocrats.ie\\\/#organization\",\"name\":\"The Social Democrats\",\"url\":\"https:\\\/\\\/www.socialdemocrats.ie\\\/\",\"logo\":{\"@type\":\"ImageObject\",\"inLanguage\":\"ga-IE\",\"@id\":\"https:\\\/\\\/www.socialdemocrats.ie\\\/#\\\/schema\\\/logo\\\/image\\\/\",\"url\":\"https:\\\/\\\/www.socialdemocrats.ie\\\/wp-content\\\/uploads\\\/2023\\\/09\\\/SocDems-logo.png\",\"contentUrl\":\"https:\\\/\\\/www.socialdemocrats.ie\\\/wp-content\\\/uploads\\\/2023\\\/09\\\/SocDems-logo.png\",\"width\":846,\"height\":358,\"caption\":\"The Social Democrats\"},\"image\":{\"@id\":\"https:\\\/\\\/www.socialdemocrats.ie\\\/#\\\/schema\\\/logo\\\/image\\\/\"},\"sameAs\":[\"https:\\\/\\\/www.facebook.com\\\/socialdemocratsireland\",\"https:\\\/\\\/x.com\\\/SocDems\"]},{\"@type\":\"Person\",\"@id\":\"https:\\\/\\\/www.socialdemocrats.ie\\\/#\\\/schema\\\/person\\\/4aa25e1b0ecfe5e51a2ceab9a9006960\",\"name\":\"ZOO Admin\",\"url\":\"https:\\\/\\\/www.socialdemocrats.ie\\\/ga\\\/author\\\/zoo-admin\\\/\"}]}<\/script>\n<!-- \/ Yoast SEO plugin. -->","yoast_head_json":{"title":"Statement from R\u00f3is\u00edn Shortall and Catherine Murphy - Social Democrats","robots":{"index":"index","follow":"follow","max-snippet":"max-snippet:-1","max-image-preview":"max-image-preview:large","max-video-preview":"max-video-preview:-1"},"canonical":"https:\/\/www.socialdemocrats.ie\/statement-from-roisin-shortall-and-catherine-murphy\/","og_locale":"ga_IE","og_type":"article","og_title":"Statement from R\u00f3is\u00edn Shortall and Catherine Murphy - Social Democrats","og_description":"R\u00f3is\u00edn Shortall and Catherine Murphy have issued a joint statement following yesterday\u2019s announcement that they are to step aside as co-leaders of the Social Democrats. The party\u2019s National Executive will meet this evening (Thursday, February 23) to make arrangements for the election of a new leader. Both Catherine and R\u00f3is\u00edn fully intend to remain active [&hellip;]","og_url":"https:\/\/www.socialdemocrats.ie\/statement-from-roisin-shortall-and-catherine-murphy\/","og_site_name":"Social Democrats","article_publisher":"https:\/\/www.facebook.com\/socialdemocratsireland","article_published_time":"2023-02-23T12:26:49+00:00","og_image":[{"width":1600,"height":900,"url":"https:\/\/www.socialdemocrats.ie\/wp-content\/uploads\/2023\/09\/WhatsApp-Image-2023-02-22-at-16.37.01-1.jpeg","type":"image\/jpeg"}],"author":"ZOO Admin","twitter_card":"summary_large_image","twitter_creator":"@SocDems","twitter_site":"@SocDems","twitter_misc":{"Written by":"ZOO Admin","Est. reading time":"2 minutes"},"schema":{"@context":"https:\/\/schema.org","@graph":[{"@type":"Article","@id":"https:\/\/www.socialdemocrats.ie\/statement-from-roisin-shortall-and-catherine-murphy\/#article","isPartOf":{"@id":"https:\/\/www.socialdemocrats.ie\/statement-from-roisin-shortall-and-catherine-murphy\/"},"author":{"name":"ZOO Admin","@id":"https:\/\/www.socialdemocrats.ie\/#\/schema\/person\/4aa25e1b0ecfe5e51a2ceab9a9006960"},"headline":"Statement from R\u00f3is\u00edn Shortall and Catherine Murphy","datePublished":"2023-02-23T12:26:49+00:00","mainEntityOfPage":{"@id":"https:\/\/www.socialdemocrats.ie\/statement-from-roisin-shortall-and-catherine-murphy\/"},"wordCount":373,"commentCount":0,"publisher":{"@id":"https:\/\/www.socialdemocrats.ie\/#organization"},"image":{"@id":"https:\/\/www.socialdemocrats.ie\/statement-from-roisin-shortall-and-catherine-murphy\/#primaryimage"},"thumbnailUrl":"https:\/\/www.socialdemocrats.ie\/wp-content\/uploads\/2023\/09\/WhatsApp-Image-2023-02-22-at-16.37.01-1.jpeg","articleSection":["Catherine Murphy","Press Release","R\u00f3is\u00edn Shortall"],"inLanguage":"ga-IE"},{"@type":"WebPage","@id":"https:\/\/www.socialdemocrats.ie\/statement-from-roisin-shortall-and-catherine-murphy\/","url":"https:\/\/www.socialdemocrats.ie\/statement-from-roisin-shortall-and-catherine-murphy\/","name":"Statement from R\u00f3is\u00edn Shortall and Catherine Murphy - Social Democrats","isPartOf":{"@id":"https:\/\/www.socialdemocrats.ie\/#website"},"primaryImageOfPage":{"@id":"https:\/\/www.socialdemocrats.ie\/statement-from-roisin-shortall-and-catherine-murphy\/#primaryimage"},"image":{"@id":"https:\/\/www.socialdemocrats.ie\/statement-from-roisin-shortall-and-catherine-murphy\/#primaryimage"},"thumbnailUrl":"https:\/\/www.socialdemocrats.ie\/wp-content\/uploads\/2023\/09\/WhatsApp-Image-2023-02-22-at-16.37.01-1.jpeg","datePublished":"2023-02-23T12:26:49+00:00","breadcrumb":{"@id":"https:\/\/www.socialdemocrats.ie\/statement-from-roisin-shortall-and-catherine-murphy\/#breadcrumb"},"inLanguage":"ga-IE","potentialAction":[{"@type":"ReadAction","target":["https:\/\/www.socialdemocrats.ie\/statement-from-roisin-shortall-and-catherine-murphy\/"]}]},{"@type":"ImageObject","inLanguage":"ga-IE","@id":"https:\/\/www.socialdemocrats.ie\/statement-from-roisin-shortall-and-catherine-murphy\/#primaryimage","url":"https:\/\/www.socialdemocrats.ie\/wp-content\/uploads\/2023\/09\/WhatsApp-Image-2023-02-22-at-16.37.01-1.jpeg","contentUrl":"https:\/\/www.socialdemocrats.ie\/wp-content\/uploads\/2023\/09\/WhatsApp-Image-2023-02-22-at-16.37.01-1.jpeg","width":1600,"height":900},{"@type":"BreadcrumbList","@id":"https:\/\/www.socialdemocrats.ie\/statement-from-roisin-shortall-and-catherine-murphy\/#breadcrumb","itemListElement":[{"@type":"ListItem","position":1,"name":"Home","item":"https:\/\/www.socialdemocrats.ie\/"},{"@type":"ListItem","position":2,"name":"Statement from R\u00f3is\u00edn Shortall and Catherine Murphy"}]},{"@type":"WebSite","@id":"https:\/\/www.socialdemocrats.ie\/#website","url":"https:\/\/www.socialdemocrats.ie\/","name":"Social Democrats","description":"Change Ireland for the better","publisher":{"@id":"https:\/\/www.socialdemocrats.ie\/#organization"},"potentialAction":[{"@type":"SearchAction","target":{"@type":"EntryPoint","urlTemplate":"https:\/\/www.socialdemocrats.ie\/?s={search_term_string}"},"query-input":{"@type":"PropertyValueSpecification","valueRequired":true,"valueName":"search_term_string"}}],"inLanguage":"ga-IE"},{"@type":"Organization","@id":"https:\/\/www.socialdemocrats.ie\/#organization","name":"The Social Democrats","url":"https:\/\/www.socialdemocrats.ie\/","logo":{"@type":"ImageObject","inLanguage":"ga-IE","@id":"https:\/\/www.socialdemocrats.ie\/#\/schema\/logo\/image\/","url":"https:\/\/www.socialdemocrats.ie\/wp-content\/uploads\/2023\/09\/SocDems-logo.png","contentUrl":"https:\/\/www.socialdemocrats.ie\/wp-content\/uploads\/2023\/09\/SocDems-logo.png","width":846,"height":358,"caption":"The Social Democrats"},"image":{"@id":"https:\/\/www.socialdemocrats.ie\/#\/schema\/logo\/image\/"},"sameAs":["https:\/\/www.facebook.com\/socialdemocratsireland","https:\/\/x.com\/SocDems"]},{"@type":"Person","@id":"https:\/\/www.socialdemocrats.ie\/#\/schema\/person\/4aa25e1b0ecfe5e51a2ceab9a9006960","name":"ZOO Admin","url":"https:\/\/www.socialdemocrats.ie\/ga\/author\/zoo-admin\/"}]}},"_links":{"self":[{"href":"https:\/\/www.socialdemocrats.ie\/ga\/wp-json\/wp\/v2\/posts\/2039","targetHints":{"allow":["GET"]}}],"collection":[{"href":"https:\/\/www.socialdemocrats.ie\/ga\/wp-json\/wp\/v2\/posts"}],"about":[{"href":"https:\/\/www.socialdemocrats.ie\/ga\/wp-json\/wp\/v2\/types\/post"}],"author":[{"embeddable":true,"href":"https:\/\/www.socialdemocrats.ie\/ga\/wp-json\/wp\/v2\/users\/2"}],"replies":[{"embeddable":true,"href":"https:\/\/www.socialdemocrats.ie\/ga\/wp-json\/wp\/v2\/comments?post=2039"}],"version-history":[{"count":0,"href":"https:\/\/www.socialdemocrats.ie\/ga\/wp-json\/wp\/v2\/posts\/2039\/revisions"}],"wp:featuredmedia":[{"embeddable":true,"href":"https:\/\/www.socialdemocrats.ie\/ga\/wp-json\/wp\/v2\/media\/2040"}],"wp:attachment":[{"href":"https:\/\/www.socialdemocrats.ie\/ga\/wp-json\/wp\/v2\/media?parent=2039"}],"wp:term":[{"taxonomy":"category","embeddable":true,"href":"https:\/\/www.socialdemocrats.ie\/ga\/wp-json\/wp\/v2\/categories?post=2039"},{"taxonomy":"post_tag","embeddable":true,"href":"https:\/\/www.socialdemocrats.ie\/ga\/wp-json\/wp\/v2\/tags?post=2039"}],"curies":[{"name":"wp","href":"https:\/\/api.w.org\/{rel}","templated":true}]}}